{"id":795,"date":"2024-10-18T16:02:00","date_gmt":"2024-10-18T16:02:00","guid":{"rendered":"https:\/\/berliner-seilfabrik.com\/?post_type=news&#038;p=795"},"modified":"2025-03-06T11:42:21","modified_gmt":"2025-03-06T10:42:21","slug":"spielplatzeroeffnung-zum-2-deutschen-spielplatztag-des-bsfh","status":"publish","type":"news","link":"https:\/\/berliner-seilfabrik.com\/de\/news\/spielplatzeroeffnung-zum-2-deutschen-spielplatztag-des-bsfh\/","title":{"rendered":"Spielplatzer\u00f6ffnung zum 2. Deutschen Spielplatztag des BSFH"},"content":{"rendered":"<section class=\"text-module bg-bg-default text-text-default dark:!bg-dark dark:!text-white\">\n  <div class=\"anchor\" id=\"acf-block-67b5a3fa980ed\" ><\/div>\n  <div class=\"max-w-screen-2xl spacing-px spacing-py mx-auto\">\n          <div class=\"typo-body text-element max-w-4xl align-center mx-auto\">\n        <p>Anl\u00e4sslich des 2. Deutschen Spielplatztages des Bundesverbandes f\u00fcr Spielplatzger\u00e4te- und Freizeitanlagen-Hersteller (BSFH) wurde am Vormittag des 17. Oktober 2024 in einer Parkanlage in Berlin-Reinickendorf zwischen der Gotthard- und Holl\u00e4nderstra\u00dfe die Neuer\u00f6ffnung eines Spielplatzes der Berliner&nbsp;Seilfabrik gefeiert. Es kamen ca. 50 G\u00e4ste, darunter Sch\u00fcler:innen der Grundschule am Sch\u00e4fersee, Regina Vollbrecht, die Beauftragte f\u00fcr Menschen mit Behinderung des Bezirksamtes Reinickendorf sowie die Bezirksstadtr\u00e4tin Julia Schrod-Thiel. Der Gesch\u00e4ftsf\u00fchrende Gesellschafter der Berliner&nbsp;Seilfabrik, David K\u00f6hler, sowie die Leiterin der Abteilung Marketing und Kommunikation, Julia K\u00f6hler, waren ebenfalls f\u00fcr die Er\u00f6ffnung vor Ort. Bezirksstadtr\u00e4tin Julia Schrod-Thiel richtete ein paar Worte an die versammelten G\u00e4ste und bedankte sich bei allen Beteiligten, wie den Planer:innen des Stra\u00dfen- und Gr\u00fcnfl\u00e4chenamtes, der Baufirma Garten-, Landschafts- und Sportplatzbau Thomas Vogel, dem Planungsb\u00fcro sinnes.werk GmbH und der Berliner&nbsp;Seilfabrik. In seiner Ansprache wies David K\u00f6hler, au\u00dferdem im Vorstand des BSFH t\u00e4tig, auf den vom BSFH ins Leben gerufenen Deutschen Spielplatztag hin, der durch Veranstaltungen wie dieser auf die Wichtigkeit von Spielpl\u00e4tzen aufmerksam machen soll.<\/p>\n      <\/div>\n      <\/div>\n<\/section>\n\n<section class=\"gallery-wall-simple-module bg-bg-default text-text-default\">\n  <div class=\"anchor\" id=\"acf-block-67c5aac7ad429\" ><\/div>\n  <div class=\"gallery-wall-simple-section dark:!bg-dark dark:!text-white spacing-py\">\n    <div class=\"max-w-screen-2xl spacing-px mx-auto\">\n      <div class=\"content-top max-w-3xl align-left \">\n              <\/div>\n    <\/div>\n          <div class=\"gallery-wall-simple  max-w-screen-2xl spacing-px mx-auto mx-auto grid gallery-grid-cols-2 gap-1 md:gap-3 lg:gap-5\">\n         \n        <div class=\"gallery-image-wrapper\">\n          <div data-src=\"https:\/\/berliner-seilfabrik.com\/wp-content\/uploads\/2025\/02\/L1A3389-1-scaled.jpg\" data-sub-html=\".image-description\" class=\"gallery-image relative rounded-[30px] aspect-4\/3 cursor-pointer\">\n            <img decoding=\"async\" loading=\"lazy\" src=\"https:\/\/berliner-seilfabrik.com\/wp-content\/uploads\/2025\/02\/L1A3389-1-768x512.jpg\" class=\"object-cover object-center w-full h-full image\">          <\/div>\n                  <\/div>\n         \n        <div class=\"gallery-image-wrapper\">\n          <div data-src=\"https:\/\/berliner-seilfabrik.com\/wp-content\/uploads\/2025\/02\/Thumbnail-1.jpg\" data-sub-html=\".image-description\" class=\"gallery-image relative rounded-[30px] aspect-4\/3 cursor-pointer\">\n            <img decoding=\"async\" loading=\"lazy\" src=\"https:\/\/berliner-seilfabrik.com\/wp-content\/uploads\/2025\/02\/Thumbnail-1-768x432.jpg\" class=\"object-cover object-center w-full h-full image\">          <\/div>\n                  <\/div>\n              <\/div>\n      <\/div>\n<\/section>\n\n<section class=\"text-module bg-bg-default text-text-default dark:!bg-dark dark:!text-white\">\n  <div class=\"anchor\" id=\"acf-block-67bdc6fc2cd1a\" ><\/div>\n  <div class=\"max-w-screen-2xl spacing-px spacing-py mx-auto\">\n          <div class=\"typo-body text-element max-w-4xl align-center mx-auto\">\n        <p>Der erste Spielplatz befindet sich genau neben dem neu er\u00f6ffneten Spielbereich und wurde f\u00fcr kleinere Kinder konzipiert. Dessen Er\u00f6ffnung fand im November 2023 statt. Bei der aktuellen Er\u00f6ffnungsfeier bedankte sich eine Lehrerin der Grundschule am Sch\u00e4fersee, Frau Colette Dittmann, bei der Berliner&nbsp;Seilfabrik f\u00fcr die gelungenen Spielpl\u00e4tze. Sie findet, die Spielpl\u00e4tze bereichern den Kiez und erg\u00e4nzt: \u201eKinder wollen heute \u00fcbrigens immer noch spielen. Die Frage ist nur, ob wir sie lassen, oder ob wir sie nur den Handys \u00fcberlassen oder dem wirklichen Bewegen\u201c. \u00dcber das Farbkonzept freue sie sich als Kunstlehrerin besonders, sagt sie, und finde es toll, dass es noch produzierende Unternehmen in der Nachbarschaft gibt.<\/p>\n      <\/div>\n      <\/div>\n<\/section>\n\n<section class=\"text-image-module bg-bg-default text-text-default\">\n    <div class=\"anchor\" id=\"acf-block-67bdc6fc2cc1b\" ><\/div>\n    <div class=\"dark:!text-white dark:!bg-dark\">\n        <div class=\"max-w-screen-3xl spacing-px spacing-py mx-auto\">\n            <div class=\"content-top max-w-3xl align-left \">\n                            <\/div>\n            <div class=\"grid grid-cols-1 lg:gap-sm gap-xl \">\n                <div class=\"text-image-single flex max-lg:flex-col gap-4 h-max\">\n      <div class=\"image-box lg:w-2\/5 \">\n        <div class=\"image-box-img cursor-pointer lightbox-image rounded-[30px] overflow-hidden aspect-video \" data-src=\"https:\/\/berliner-seilfabrik.com\/wp-content\/uploads\/2025\/01\/Berliner_Eroffnung_Calisthenics_Teichstrasse_Berlin_Deutschland_VA_kleiner-70-2048x1536-1-1024x768.jpeg\">\n          <img loading=\"lazy\" decoding=\"async\" width=\"1024\" height=\"768\" src=\"https:\/\/berliner-seilfabrik.com\/wp-content\/uploads\/2025\/01\/Berliner_Eroffnung_Calisthenics_Teichstrasse_Berlin_Deutschland_VA_kleiner-70-2048x1536-1-1024x768.jpeg\" class=\"h-full w-full object-cover z-0 transform scale-105 transition duration-300\" alt=\"\" srcset=\"https:\/\/berliner-seilfabrik.com\/wp-content\/uploads\/2025\/01\/Berliner_Eroffnung_Calisthenics_Teichstrasse_Berlin_Deutschland_VA_kleiner-70-2048x1536-1-1024x768.jpeg 1024w, https:\/\/berliner-seilfabrik.com\/wp-content\/uploads\/2025\/01\/Berliner_Eroffnung_Calisthenics_Teichstrasse_Berlin_Deutschland_VA_kleiner-70-2048x1536-1-300x225.jpeg 300w, https:\/\/berliner-seilfabrik.com\/wp-content\/uploads\/2025\/01\/Berliner_Eroffnung_Calisthenics_Teichstrasse_Berlin_Deutschland_VA_kleiner-70-2048x1536-1-768x576.jpeg 768w, https:\/\/berliner-seilfabrik.com\/wp-content\/uploads\/2025\/01\/Berliner_Eroffnung_Calisthenics_Teichstrasse_Berlin_Deutschland_VA_kleiner-70-2048x1536-1-1536x1152.jpeg 1536w, https:\/\/berliner-seilfabrik.com\/wp-content\/uploads\/2025\/01\/Berliner_Eroffnung_Calisthenics_Teichstrasse_Berlin_Deutschland_VA_kleiner-70-2048x1536-1-1900x1425.jpeg 1900w, https:\/\/berliner-seilfabrik.com\/wp-content\/uploads\/2025\/01\/Berliner_Eroffnung_Calisthenics_Teichstrasse_Berlin_Deutschland_VA_kleiner-70-2048x1536-1-1240x930.jpeg 1240w, https:\/\/berliner-seilfabrik.com\/wp-content\/uploads\/2025\/01\/Berliner_Eroffnung_Calisthenics_Teichstrasse_Berlin_Deutschland_VA_kleiner-70-2048x1536-1.jpeg 2048w\" sizes=\"auto, (max-width: 1024px) 100vw, 1024px\" \/>        <\/div>\n      <\/div>\n      <div class=\"content-box lg:w-3\/5 h-auto flex flex-col justify-center rounded-[30px] bg-bg-transparent \">\n        <div class=\"content-box-inner  image-side-left \">\n                    <div class='text-element align-left typo-body mt-xs lg:mt-[30px] text-text-default'><p>Die Kinder haben den Spielplatz und die Fitness-Anlage w\u00e4hrend der Er\u00f6ffnungsfeier getestet und sind flei\u00dfig herumgeklettert. Dieser Spielplatz ist schon der zweite Spielplatz, den das Bezirksamt Reinickendorf f\u00fcr den Park in Auftrag gegeben hat. Er richtet sich an \u00e4ltere Kinder und soll auch Teenager und Erwachsene zum Bewegen anregen.<\/p>\n<\/div>        <\/div>\n      <\/div>\n    <\/div>\n    <div class=\"text-image-single flex max-lg:flex-col gap-4 h-max\">\n      <div class=\"image-box lg:w-2\/5 lg:order-1\">\n        <div class=\"image-box-img cursor-pointer lightbox-image rounded-[30px] overflow-hidden aspect-video \" data-src=\"https:\/\/berliner-seilfabrik.com\/wp-content\/uploads\/2025\/03\/Berliner_Custom-made_Laake-Ost_Hanseatic-Playground_Korbach_Germany-1-1024x768.jpg\">\n          <img loading=\"lazy\" decoding=\"async\" width=\"1024\" height=\"768\" src=\"https:\/\/berliner-seilfabrik.com\/wp-content\/uploads\/2025\/03\/Berliner_Custom-made_Laake-Ost_Hanseatic-Playground_Korbach_Germany-1-1024x768.jpg\" class=\"h-full w-full object-cover z-0 transform scale-105 transition duration-300\" alt=\"\" srcset=\"https:\/\/berliner-seilfabrik.com\/wp-content\/uploads\/2025\/03\/Berliner_Custom-made_Laake-Ost_Hanseatic-Playground_Korbach_Germany-1-1024x768.jpg 1024w, https:\/\/berliner-seilfabrik.com\/wp-content\/uploads\/2025\/03\/Berliner_Custom-made_Laake-Ost_Hanseatic-Playground_Korbach_Germany-1-300x225.jpg 300w, https:\/\/berliner-seilfabrik.com\/wp-content\/uploads\/2025\/03\/Berliner_Custom-made_Laake-Ost_Hanseatic-Playground_Korbach_Germany-1-768x576.jpg 768w, https:\/\/berliner-seilfabrik.com\/wp-content\/uploads\/2025\/03\/Berliner_Custom-made_Laake-Ost_Hanseatic-Playground_Korbach_Germany-1-1536x1152.jpg 1536w, https:\/\/berliner-seilfabrik.com\/wp-content\/uploads\/2025\/03\/Berliner_Custom-made_Laake-Ost_Hanseatic-Playground_Korbach_Germany-1-2048x1536.jpg 2048w, https:\/\/berliner-seilfabrik.com\/wp-content\/uploads\/2025\/03\/Berliner_Custom-made_Laake-Ost_Hanseatic-Playground_Korbach_Germany-1-1900x1425.jpg 1900w, https:\/\/berliner-seilfabrik.com\/wp-content\/uploads\/2025\/03\/Berliner_Custom-made_Laake-Ost_Hanseatic-Playground_Korbach_Germany-1-1240x930.jpg 1240w\" sizes=\"auto, (max-width: 1024px) 100vw, 1024px\" \/>        <\/div>\n      <\/div>\n      <div class=\"content-box lg:w-3\/5 h-auto flex flex-col justify-center rounded-[30px] bg-bg-transparent \">\n        <div class=\"content-box-inner  image-side-right \">\n                    <div class='text-element align-left typo-body mt-xs lg:mt-[30px] text-text-default'><p>Die Bauzeit des neu er\u00f6ffneten Abschnitts dauerte von Juli bis Oktober 2024. Der Spielplatz hat neben zwei Schaukeln, zwei Lianen und Trampolinen eine dreiteilige Calisthenics-Anlage zu bieten, die den Kundenw\u00fcnschen entsprechend angefertigt wurde. Der Gummifallschutz macht die Fl\u00e4che au\u00dferdem f\u00fcr Menschen im Rollstuhl zug\u00e4nglich.<\/p>\n<\/div>        <\/div>\n      <\/div>\n    <\/div>\n            <\/div>\n        <\/div>\n    <\/div>\n<\/section>\n\n<section class=\"image-module bg-bg-default text-text-default dark:!bg-dark dark:!text-white spacing-py\">\n  <div class=\"anchor\" id=\"acf-block-67bdc6fc2e611\" ><\/div>\n  <div class=\"max-w-screen-2xl spacing-px mx-auto\">\n    <div class=\"content-top max-w-3xl align-left \">\n          <\/div>\n  <\/div>\n  <div class=\"image-module__container mx-auto max-w-screen-2xl spacing-px \">\n    <div data-src=\"https:\/\/berliner-seilfabrik.com\/wp-content\/uploads\/2025\/01\/Berliner_Eroffnung_Calisthenics_Teichstrasse_Berlin_Deutschland_VA_kleiner-17-1-2048x1536-1.jpeg\" class=\"image-module__image cursor-pointer aspect-video\"> \n      <img loading=\"lazy\" decoding=\"async\" width=\"2048\" height=\"1536\" src=\"https:\/\/berliner-seilfabrik.com\/wp-content\/uploads\/2025\/01\/Berliner_Eroffnung_Calisthenics_Teichstrasse_Berlin_Deutschland_VA_kleiner-17-1-2048x1536-1.jpeg\" class=\"z-0 rounded-[30px]\" alt=\"\" srcset=\"https:\/\/berliner-seilfabrik.com\/wp-content\/uploads\/2025\/01\/Berliner_Eroffnung_Calisthenics_Teichstrasse_Berlin_Deutschland_VA_kleiner-17-1-2048x1536-1.jpeg 2048w, https:\/\/berliner-seilfabrik.com\/wp-content\/uploads\/2025\/01\/Berliner_Eroffnung_Calisthenics_Teichstrasse_Berlin_Deutschland_VA_kleiner-17-1-2048x1536-1-300x225.jpeg 300w, https:\/\/berliner-seilfabrik.com\/wp-content\/uploads\/2025\/01\/Berliner_Eroffnung_Calisthenics_Teichstrasse_Berlin_Deutschland_VA_kleiner-17-1-2048x1536-1-1024x768.jpeg 1024w, https:\/\/berliner-seilfabrik.com\/wp-content\/uploads\/2025\/01\/Berliner_Eroffnung_Calisthenics_Teichstrasse_Berlin_Deutschland_VA_kleiner-17-1-2048x1536-1-768x576.jpeg 768w, https:\/\/berliner-seilfabrik.com\/wp-content\/uploads\/2025\/01\/Berliner_Eroffnung_Calisthenics_Teichstrasse_Berlin_Deutschland_VA_kleiner-17-1-2048x1536-1-1536x1152.jpeg 1536w, https:\/\/berliner-seilfabrik.com\/wp-content\/uploads\/2025\/01\/Berliner_Eroffnung_Calisthenics_Teichstrasse_Berlin_Deutschland_VA_kleiner-17-1-2048x1536-1-1900x1425.jpeg 1900w, https:\/\/berliner-seilfabrik.com\/wp-content\/uploads\/2025\/01\/Berliner_Eroffnung_Calisthenics_Teichstrasse_Berlin_Deutschland_VA_kleiner-17-1-2048x1536-1-1240x930.jpeg 1240w\" sizes=\"auto, (max-width: 2048px) 100vw, 2048px\" \/>    <\/div> \n      <\/div>\n<\/section>","protected":false},"excerpt":{"rendered":"<p>Anl\u00e4sslich des 2. Deutschen Spielplatztages des Bundesverbandes f\u00fcr Spielplatzger\u00e4te- und Freizeitanlagen-Hersteller (BSFH) wurde am Vormittag des 17. Oktober 2024 in einer Parkanlage in Berlin-Reinickendorf zwischen der Gotthard- und Holl\u00e4nderstra\u00dfe die Neuer\u00f6ffnung eines Spielplatzes der Berliner&nbsp;Seilfabrik gefeiert.<\/p>\n","protected":false},"featured_media":800,"template":"","news-category":[301],"class_list":["post-795","news","type-news","status-publish","has-post-thumbnail","hentry","news-category-neuigkeiten"],"acf":[],"yoast_head":"<!-- This site is optimized with the Yoast SEO plugin v26.8 - https:\/\/yoast.com\/product\/yoast-seo-wordpress\/ -->\n<title>Berliner Seilfabrik - Spielplatzer\u00f6ffnung zum 2. Deutschen Spielplatztag des BSFH<\/title>\n<meta name=\"robots\" content=\"index, follow, max-snippet:-1, max-image-preview:large, max-video-preview:-1\" \/>\n<link rel=\"canonical\" href=\"https:\/\/berliner-seilfabrik.com\/de\/news\/spielplatzeroeffnung-zum-2-deutschen-spielplatztag-des-bsfh\/\" \/>\n<meta property=\"og:locale\" content=\"de_DE\" \/>\n<meta property=\"og:type\" content=\"article\" \/>\n<meta property=\"og:title\" content=\"Berliner Seilfabrik - Spielplatzer\u00f6ffnung zum 2. Deutschen Spielplatztag des BSFH\" \/>\n<meta property=\"og:description\" content=\"Anl\u00e4sslich des 2. Deutschen Spielplatztages des Bundesverbandes f\u00fcr Spielplatzger\u00e4te- und Freizeitanlagen-Hersteller (BSFH) wurde am Vormittag des 17. Oktober 2024 in einer Parkanlage in Berlin-Reinickendorf zwischen der Gotthard- und Holl\u00e4nderstra\u00dfe die Neuer\u00f6ffnung eines Spielplatzes der Berliner&nbsp;Seilfabrik gefeiert.\" \/>\n<meta property=\"og:url\" content=\"https:\/\/berliner-seilfabrik.com\/de\/news\/spielplatzeroeffnung-zum-2-deutschen-spielplatztag-des-bsfh\/\" \/>\n<meta property=\"og:site_name\" content=\"Berliner Seilfabrik\" \/>\n<meta property=\"article:publisher\" content=\"https:\/\/www.facebook.com\/berlinerseilfabrik\/\" \/>\n<meta property=\"article:modified_time\" content=\"2025-03-06T10:42:21+00:00\" \/>\n<meta property=\"og:image\" content=\"https:\/\/berliner-seilfabrik.com\/wp-content\/uploads\/2025\/01\/Berliner_Eroffnung_Calisthenics_Teichstrasse_Berlin_Deutschland_VA-46-scaled.jpeg\" \/>\n\t<meta property=\"og:image:width\" content=\"2560\" \/>\n\t<meta property=\"og:image:height\" content=\"1920\" \/>\n\t<meta property=\"og:image:type\" content=\"image\/jpeg\" \/>\n<meta name=\"twitter:card\" content=\"summary_large_image\" \/>\n<script type=\"application\/ld+json\" class=\"yoast-schema-graph\">{\"@context\":\"https:\/\/schema.org\",\"@graph\":[{\"@type\":\"WebPage\",\"@id\":\"https:\/\/berliner-seilfabrik.com\/de\/news\/spielplatzeroeffnung-zum-2-deutschen-spielplatztag-des-bsfh\/\",\"url\":\"https:\/\/berliner-seilfabrik.com\/de\/news\/spielplatzeroeffnung-zum-2-deutschen-spielplatztag-des-bsfh\/\",\"name\":\"Berliner Seilfabrik - Spielplatzer\u00f6ffnung zum 2. Deutschen Spielplatztag des BSFH\",\"isPartOf\":{\"@id\":\"https:\/\/berliner-seilfabrik.com\/de\/#website\"},\"primaryImageOfPage\":{\"@id\":\"https:\/\/berliner-seilfabrik.com\/de\/news\/spielplatzeroeffnung-zum-2-deutschen-spielplatztag-des-bsfh\/#primaryimage\"},\"image\":{\"@id\":\"https:\/\/berliner-seilfabrik.com\/de\/news\/spielplatzeroeffnung-zum-2-deutschen-spielplatztag-des-bsfh\/#primaryimage\"},\"thumbnailUrl\":\"https:\/\/berliner-seilfabrik.com\/wp-content\/uploads\/2025\/01\/Berliner_Eroffnung_Calisthenics_Teichstrasse_Berlin_Deutschland_VA-46-scaled.jpeg\",\"datePublished\":\"2024-10-18T16:02:00+00:00\",\"dateModified\":\"2025-03-06T10:42:21+00:00\",\"breadcrumb\":{\"@id\":\"https:\/\/berliner-seilfabrik.com\/de\/news\/spielplatzeroeffnung-zum-2-deutschen-spielplatztag-des-bsfh\/#breadcrumb\"},\"inLanguage\":\"de\",\"potentialAction\":[{\"@type\":\"ReadAction\",\"target\":[\"https:\/\/berliner-seilfabrik.com\/de\/news\/spielplatzeroeffnung-zum-2-deutschen-spielplatztag-des-bsfh\/\"]}]},{\"@type\":\"ImageObject\",\"inLanguage\":\"de\",\"@id\":\"https:\/\/berliner-seilfabrik.com\/de\/news\/spielplatzeroeffnung-zum-2-deutschen-spielplatztag-des-bsfh\/#primaryimage\",\"url\":\"https:\/\/berliner-seilfabrik.com\/wp-content\/uploads\/2025\/01\/Berliner_Eroffnung_Calisthenics_Teichstrasse_Berlin_Deutschland_VA-46-scaled.jpeg\",\"contentUrl\":\"https:\/\/berliner-seilfabrik.com\/wp-content\/uploads\/2025\/01\/Berliner_Eroffnung_Calisthenics_Teichstrasse_Berlin_Deutschland_VA-46-scaled.jpeg\",\"width\":2560,\"height\":1920},{\"@type\":\"BreadcrumbList\",\"@id\":\"https:\/\/berliner-seilfabrik.com\/de\/news\/spielplatzeroeffnung-zum-2-deutschen-spielplatztag-des-bsfh\/#breadcrumb\",\"itemListElement\":[{\"@type\":\"ListItem\",\"position\":1,\"name\":\"Home\",\"item\":\"https:\/\/berliner-seilfabrik.com\/de\/\"},{\"@type\":\"ListItem\",\"position\":2,\"name\":\"News\",\"item\":\"https:\/\/berliner-seilfabrik.com\/en\/news\/\"},{\"@type\":\"ListItem\",\"position\":3,\"name\":\"Spielplatzer\u00f6ffnung zum 2. Deutschen Spielplatztag des BSFH\"}]},{\"@type\":\"WebSite\",\"@id\":\"https:\/\/berliner-seilfabrik.com\/de\/#website\",\"url\":\"https:\/\/berliner-seilfabrik.com\/de\/\",\"name\":\"Die Berliner Seilfabrik\",\"description\":\"Spielger\u00e4te f\u00fcrs Leben\",\"publisher\":{\"@id\":\"https:\/\/berliner-seilfabrik.com\/de\/#organization\"},\"potentialAction\":[{\"@type\":\"SearchAction\",\"target\":{\"@type\":\"EntryPoint\",\"urlTemplate\":\"https:\/\/berliner-seilfabrik.com\/de\/?s={search_term_string}\"},\"query-input\":{\"@type\":\"PropertyValueSpecification\",\"valueRequired\":true,\"valueName\":\"search_term_string\"}}],\"inLanguage\":\"de\"},{\"@type\":\"Organization\",\"@id\":\"https:\/\/berliner-seilfabrik.com\/de\/#organization\",\"name\":\"Die Berliner Seilfabrik\",\"url\":\"https:\/\/berliner-seilfabrik.com\/de\/\",\"logo\":{\"@type\":\"ImageObject\",\"inLanguage\":\"de\",\"@id\":\"https:\/\/berliner-seilfabrik.com\/de\/#\/schema\/logo\/image\/\",\"url\":\"https:\/\/berliner-seilfabrik.com\/wp-content\/uploads\/2026\/01\/bsf_logo_de-scaled.png\",\"contentUrl\":\"https:\/\/berliner-seilfabrik.com\/wp-content\/uploads\/2026\/01\/bsf_logo_de-scaled.png\",\"width\":2560,\"height\":2560,\"caption\":\"Die Berliner Seilfabrik\"},\"image\":{\"@id\":\"https:\/\/berliner-seilfabrik.com\/de\/#\/schema\/logo\/image\/\"},\"sameAs\":[\"https:\/\/www.facebook.com\/berlinerseilfabrik\/\"]}]}<\/script>\n<!-- \/ Yoast SEO plugin. -->","yoast_head_json":{"title":"Berliner Seilfabrik - Spielplatzer\u00f6ffnung zum 2. Deutschen Spielplatztag des BSFH","robots":{"index":"index","follow":"follow","max-snippet":"max-snippet:-1","max-image-preview":"max-image-preview:large","max-video-preview":"max-video-preview:-1"},"canonical":"https:\/\/berliner-seilfabrik.com\/de\/news\/spielplatzeroeffnung-zum-2-deutschen-spielplatztag-des-bsfh\/","og_locale":"de_DE","og_type":"article","og_title":"Berliner Seilfabrik - Spielplatzer\u00f6ffnung zum 2. Deutschen Spielplatztag des BSFH","og_description":"Anl\u00e4sslich des 2. Deutschen Spielplatztages des Bundesverbandes f\u00fcr Spielplatzger\u00e4te- und Freizeitanlagen-Hersteller (BSFH) wurde am Vormittag des 17. Oktober 2024 in einer Parkanlage in Berlin-Reinickendorf zwischen der Gotthard- und Holl\u00e4nderstra\u00dfe die Neuer\u00f6ffnung eines Spielplatzes der Berliner&nbsp;Seilfabrik gefeiert.","og_url":"https:\/\/berliner-seilfabrik.com\/de\/news\/spielplatzeroeffnung-zum-2-deutschen-spielplatztag-des-bsfh\/","og_site_name":"Berliner Seilfabrik","article_publisher":"https:\/\/www.facebook.com\/berlinerseilfabrik\/","article_modified_time":"2025-03-06T10:42:21+00:00","og_image":[{"width":2560,"height":1920,"url":"https:\/\/berliner-seilfabrik.com\/wp-content\/uploads\/2025\/01\/Berliner_Eroffnung_Calisthenics_Teichstrasse_Berlin_Deutschland_VA-46-scaled.jpeg","type":"image\/jpeg"}],"twitter_card":"summary_large_image","schema":{"@context":"https:\/\/schema.org","@graph":[{"@type":"WebPage","@id":"https:\/\/berliner-seilfabrik.com\/de\/news\/spielplatzeroeffnung-zum-2-deutschen-spielplatztag-des-bsfh\/","url":"https:\/\/berliner-seilfabrik.com\/de\/news\/spielplatzeroeffnung-zum-2-deutschen-spielplatztag-des-bsfh\/","name":"Berliner Seilfabrik - Spielplatzer\u00f6ffnung zum 2. Deutschen Spielplatztag des BSFH","isPartOf":{"@id":"https:\/\/berliner-seilfabrik.com\/de\/#website"},"primaryImageOfPage":{"@id":"https:\/\/berliner-seilfabrik.com\/de\/news\/spielplatzeroeffnung-zum-2-deutschen-spielplatztag-des-bsfh\/#primaryimage"},"image":{"@id":"https:\/\/berliner-seilfabrik.com\/de\/news\/spielplatzeroeffnung-zum-2-deutschen-spielplatztag-des-bsfh\/#primaryimage"},"thumbnailUrl":"https:\/\/berliner-seilfabrik.com\/wp-content\/uploads\/2025\/01\/Berliner_Eroffnung_Calisthenics_Teichstrasse_Berlin_Deutschland_VA-46-scaled.jpeg","datePublished":"2024-10-18T16:02:00+00:00","dateModified":"2025-03-06T10:42:21+00:00","breadcrumb":{"@id":"https:\/\/berliner-seilfabrik.com\/de\/news\/spielplatzeroeffnung-zum-2-deutschen-spielplatztag-des-bsfh\/#breadcrumb"},"inLanguage":"de","potentialAction":[{"@type":"ReadAction","target":["https:\/\/berliner-seilfabrik.com\/de\/news\/spielplatzeroeffnung-zum-2-deutschen-spielplatztag-des-bsfh\/"]}]},{"@type":"ImageObject","inLanguage":"de","@id":"https:\/\/berliner-seilfabrik.com\/de\/news\/spielplatzeroeffnung-zum-2-deutschen-spielplatztag-des-bsfh\/#primaryimage","url":"https:\/\/berliner-seilfabrik.com\/wp-content\/uploads\/2025\/01\/Berliner_Eroffnung_Calisthenics_Teichstrasse_Berlin_Deutschland_VA-46-scaled.jpeg","contentUrl":"https:\/\/berliner-seilfabrik.com\/wp-content\/uploads\/2025\/01\/Berliner_Eroffnung_Calisthenics_Teichstrasse_Berlin_Deutschland_VA-46-scaled.jpeg","width":2560,"height":1920},{"@type":"BreadcrumbList","@id":"https:\/\/berliner-seilfabrik.com\/de\/news\/spielplatzeroeffnung-zum-2-deutschen-spielplatztag-des-bsfh\/#breadcrumb","itemListElement":[{"@type":"ListItem","position":1,"name":"Home","item":"https:\/\/berliner-seilfabrik.com\/de\/"},{"@type":"ListItem","position":2,"name":"News","item":"https:\/\/berliner-seilfabrik.com\/en\/news\/"},{"@type":"ListItem","position":3,"name":"Spielplatzer\u00f6ffnung zum 2. Deutschen Spielplatztag des BSFH"}]},{"@type":"WebSite","@id":"https:\/\/berliner-seilfabrik.com\/de\/#website","url":"https:\/\/berliner-seilfabrik.com\/de\/","name":"Die Berliner Seilfabrik","description":"Spielger\u00e4te f\u00fcrs Leben","publisher":{"@id":"https:\/\/berliner-seilfabrik.com\/de\/#organization"},"potentialAction":[{"@type":"SearchAction","target":{"@type":"EntryPoint","urlTemplate":"https:\/\/berliner-seilfabrik.com\/de\/?s={search_term_string}"},"query-input":{"@type":"PropertyValueSpecification","valueRequired":true,"valueName":"search_term_string"}}],"inLanguage":"de"},{"@type":"Organization","@id":"https:\/\/berliner-seilfabrik.com\/de\/#organization","name":"Die Berliner Seilfabrik","url":"https:\/\/berliner-seilfabrik.com\/de\/","logo":{"@type":"ImageObject","inLanguage":"de","@id":"https:\/\/berliner-seilfabrik.com\/de\/#\/schema\/logo\/image\/","url":"https:\/\/berliner-seilfabrik.com\/wp-content\/uploads\/2026\/01\/bsf_logo_de-scaled.png","contentUrl":"https:\/\/berliner-seilfabrik.com\/wp-content\/uploads\/2026\/01\/bsf_logo_de-scaled.png","width":2560,"height":2560,"caption":"Die Berliner Seilfabrik"},"image":{"@id":"https:\/\/berliner-seilfabrik.com\/de\/#\/schema\/logo\/image\/"},"sameAs":["https:\/\/www.facebook.com\/berlinerseilfabrik\/"]}]}},"_links":{"self":[{"href":"https:\/\/berliner-seilfabrik.com\/de\/wp-json\/wp\/v2\/news\/795","targetHints":{"allow":["GET"]}}],"collection":[{"href":"https:\/\/berliner-seilfabrik.com\/de\/wp-json\/wp\/v2\/news"}],"about":[{"href":"https:\/\/berliner-seilfabrik.com\/de\/wp-json\/wp\/v2\/types\/news"}],"version-history":[{"count":23,"href":"https:\/\/berliner-seilfabrik.com\/de\/wp-json\/wp\/v2\/news\/795\/revisions"}],"predecessor-version":[{"id":29083,"href":"https:\/\/berliner-seilfabrik.com\/de\/wp-json\/wp\/v2\/news\/795\/revisions\/29083"}],"wp:featuredmedia":[{"embeddable":true,"href":"https:\/\/berliner-seilfabrik.com\/de\/wp-json\/wp\/v2\/media\/800"}],"wp:attachment":[{"href":"https:\/\/berliner-seilfabrik.com\/de\/wp-json\/wp\/v2\/media?parent=795"}],"wp:term":[{"taxonomy":"news-category","embeddable":true,"href":"https:\/\/berliner-seilfabrik.com\/de\/wp-json\/wp\/v2\/news-category?post=795"}],"curies":[{"name":"wp","href":"https:\/\/api.w.org\/{rel}","templated":true}]}}