{"id":28003,"date":"2021-12-01T09:29:00","date_gmt":"2021-12-01T08:29:00","guid":{"rendered":"https:\/\/berliner-seilfabrik.com\/news\/waldwipfelweg-im-bayerischen-wald\/"},"modified":"2025-03-17T10:51:54","modified_gmt":"2025-03-17T09:51:54","slug":"waldwipfelweg-im-bayerischen-wald","status":"publish","type":"news","link":"https:\/\/berliner-seilfabrik.com\/de\/news\/waldwipfelweg-im-bayerischen-wald\/","title":{"rendered":"Waldwipfelweg im Bayerischen Wald"},"content":{"rendered":"<section class=\"text-module bg-bg-default text-text-default dark:!bg-dark dark:!text-white\">\n  <div class=\"anchor\" id=\"acf-block-67d7f0b97bb9c\" ><\/div>\n  <div class=\"max-w-screen-2xl spacing-px spacing-py mx-auto\">\n          <div class=\"typo-body text-element max-w-4xl align-center mx-auto\">\n        <p>2007 begannen im bayerischen Sankt Englmar, nahe der tschechischen Grenze, die Bauarbeiten f\u00fcr das Projekt \u201eWaldwipfelweg\u201c. Martin Six, der Betreiber der niederbayerischen Familienattraktion, hatte das Areal urspr\u00fcnglich geerbt und \u00fcberlegte, was er aus den L\u00e4ndereien machen k\u00f6nnte. Er kam bald auf die Idee, die naturnahe und baumreiche Umgebung zu einem Waldwipfelweg auszubauen, der 2008 seine Er\u00f6ffnung feierte. \u201eDurch seine S\u00fcdhanglage ist das Grundst\u00fcck daf\u00fcr bestens geeignet\u201c, sagt Martin Six. \u201eBei guter Sicht hat man sogar einen freien Blick auf die Zugspitze, die ca. 220 Kilometer Luftlinie entfernt liegt\u201c.<\/p>\n      <\/div>\n      <\/div>\n<\/section>\n\n\n<section class=\"image-with-details-module image-features bg-bg-default text-text-default dark:!bg-dark dark:!text-white\">\n  <div class=\"anchor\" id=\"acf-block-67d7f0b97f4a2\" ><\/div>\n  <div class=\"mx-auto max-w-screen-3xl spacing-px spacing-py\">\n    <div class=\"content-top max-w-3xl align-left \">\n          <\/div>\n    <div class=\"image-features__wrap mx-auto relative \">\n      <img decoding=\"async\" class=\"object-contain image-features__image\" src=\"https:\/\/berliner-seilfabrik.com\/wp-content\/uploads\/2021\/12\/39202964-a74e-fe42-4d28-2bbd196c57ca-1024x768.jpg\" srcset=\"https:\/\/berliner-seilfabrik.com\/wp-content\/uploads\/2021\/12\/39202964-a74e-fe42-4d28-2bbd196c57ca-scaled.jpg 2560w, https:\/\/berliner-seilfabrik.com\/wp-content\/uploads\/2021\/12\/39202964-a74e-fe42-4d28-2bbd196c57ca-300x225.jpg 300w, https:\/\/berliner-seilfabrik.com\/wp-content\/uploads\/2021\/12\/39202964-a74e-fe42-4d28-2bbd196c57ca-1024x768.jpg 1024w, https:\/\/berliner-seilfabrik.com\/wp-content\/uploads\/2021\/12\/39202964-a74e-fe42-4d28-2bbd196c57ca-768x576.jpg 768w, https:\/\/berliner-seilfabrik.com\/wp-content\/uploads\/2021\/12\/39202964-a74e-fe42-4d28-2bbd196c57ca-1536x1152.jpg 1536w, https:\/\/berliner-seilfabrik.com\/wp-content\/uploads\/2021\/12\/39202964-a74e-fe42-4d28-2bbd196c57ca-2048x1536.jpg 2048w, https:\/\/berliner-seilfabrik.com\/wp-content\/uploads\/2021\/12\/39202964-a74e-fe42-4d28-2bbd196c57ca-1900x1425.jpg 1900w, https:\/\/berliner-seilfabrik.com\/wp-content\/uploads\/2021\/12\/39202964-a74e-fe42-4d28-2bbd196c57ca-1240x930.jpg 1240w\" sizes=\"100vw\" alt=\"\" \/>\n          <\/div>\n  <\/div>\n<\/section>\n\n<section class=\"text-module bg-bg-default text-text-default dark:!bg-dark dark:!text-white\">\n  <div class=\"anchor\" id=\"acf-block-67d7f0b97f5c1\" ><\/div>\n  <div class=\"max-w-screen-2xl spacing-px spacing-py mx-auto\">\n          <div class=\"typo-body text-element max-w-4xl align-center mx-auto\">\n        <p>Der Pfad f\u00fchrt die Besucher:innen auf einer H\u00f6he von 30 Metern ca. 600 Meter \u00fcber und durch die Baumkronen hindurch und bietet dabei einen tollen Ausblick \u00fcber die H\u00f6henz\u00fcge des Bayerischen Waldes, das Donautal und die Ebenen des G\u00e4ubodens. Auf dem ca. 2 Kilometer langen Naturerlebnispfad, der durch den Wald f\u00fchrt, k\u00f6nnen Familien an unterschiedlichen Mitmachstationen die Natur neu erleben und Interessantes \u00fcber ihre Umgebung und die Wahrnehmung erfahren. Au\u00dferdem kann man Alpakas, Lamas, Schwarznasenschafe und K\u00e4ngurus auf dem Gel\u00e4nde des Waldwipfelwegs bestaunen, was besonders die Kleinen erfreut.<\/p>\n      <\/div>\n      <\/div>\n<\/section>\n\n<section class=\"image-module bg-bg-default text-text-default dark:!bg-dark dark:!text-white spacing-py\">\n  <div class=\"anchor\" id=\"acf-block-67d7f0b980ee3\" ><\/div>\n  <div class=\"max-w-screen-2xl spacing-px mx-auto\">\n    <div class=\"content-top max-w-3xl align-left \">\n          <\/div>\n  <\/div>\n  <div class=\"image-module__container mx-auto max-w-screen-2xl spacing-px \">\n    <div data-src=\"https:\/\/berliner-seilfabrik.com\/wp-content\/uploads\/2021\/12\/4cbf04ee-f8e2-8255-0d09-b848e50c5f21.jpg\" class=\"image-module__image cursor-pointer aspect-4\/3\"> \n      <img loading=\"lazy\" decoding=\"async\" width=\"2483\" height=\"1812\" src=\"https:\/\/berliner-seilfabrik.com\/wp-content\/uploads\/2021\/12\/4cbf04ee-f8e2-8255-0d09-b848e50c5f21.jpg\" class=\"z-0 rounded-[30px]\" alt=\"\" srcset=\"https:\/\/berliner-seilfabrik.com\/wp-content\/uploads\/2021\/12\/4cbf04ee-f8e2-8255-0d09-b848e50c5f21.jpg 2483w, https:\/\/berliner-seilfabrik.com\/wp-content\/uploads\/2021\/12\/4cbf04ee-f8e2-8255-0d09-b848e50c5f21-300x219.jpg 300w, https:\/\/berliner-seilfabrik.com\/wp-content\/uploads\/2021\/12\/4cbf04ee-f8e2-8255-0d09-b848e50c5f21-1024x747.jpg 1024w, https:\/\/berliner-seilfabrik.com\/wp-content\/uploads\/2021\/12\/4cbf04ee-f8e2-8255-0d09-b848e50c5f21-768x560.jpg 768w, https:\/\/berliner-seilfabrik.com\/wp-content\/uploads\/2021\/12\/4cbf04ee-f8e2-8255-0d09-b848e50c5f21-1536x1121.jpg 1536w, https:\/\/berliner-seilfabrik.com\/wp-content\/uploads\/2021\/12\/4cbf04ee-f8e2-8255-0d09-b848e50c5f21-2048x1495.jpg 2048w, https:\/\/berliner-seilfabrik.com\/wp-content\/uploads\/2021\/12\/4cbf04ee-f8e2-8255-0d09-b848e50c5f21-1900x1387.jpg 1900w, https:\/\/berliner-seilfabrik.com\/wp-content\/uploads\/2021\/12\/4cbf04ee-f8e2-8255-0d09-b848e50c5f21-1240x905.jpg 1240w\" sizes=\"auto, (max-width: 2483px) 100vw, 2483px\" \/>    <\/div> \n      <\/div>\n<\/section>\n\n<section class=\"text-module bg-bg-default text-text-default dark:!bg-dark dark:!text-white\">\n  <div class=\"anchor\" id=\"acf-block-67d7f0b980fe6\" ><\/div>\n  <div class=\"max-w-screen-2xl spacing-px spacing-py mx-auto\">\n          <div class=\"typo-body text-element max-w-4xl align-center mx-auto\">\n        <p>Im Jahr 2014 kam Martin Six die Idee zu einem Waldturm. Der Standort f\u00fcr den 52 Meter hohen Turm wurde w\u00e4hrend der Planung insgesamt vier Mal verschoben. Entgegen der Anfangsidee, einen Turm mit Aufzug und Drehrestaurant zu erbauen, wurde dieser letztendlich durch einen Turm mit einem barrierefrei gewendelten Steg (Breite 2,5 Meter, maximale Steigung 6 %) ersetzt und sollte die Form eines Kugelbaums haben. So entstand ein Turm, dessen \u201eStamm\u201c durch einen riesigen Betonmast dargestellt wird. Die Stahlkonstruktion umfasst knapp 300 Tonnen Stahl und 140 m\u00b3 L\u00e4rchenholz. \u00dcber einen 400 Meter langen Holzweg, der sich wie eine Art Wendeltreppe um den Mast schl\u00e4ngelt, erreicht man die Aussichtsplattform. Im Laufe der Planung entschied sich Six, den Turm f\u00fcr Kinder attraktiver zu gestalten und einen Spielplatz der besonderen Art zu integrieren.<\/p>\n      <\/div>\n      <\/div>\n<\/section>\n\n<section class=\"gallery-wall-simple-module bg-bg-default text-text-default\">\n  <div class=\"anchor\" id=\"acf-block-67d7f0b982af2\" ><\/div>\n  <div class=\"gallery-wall-simple-section dark:!bg-dark dark:!text-white spacing-py\">\n    <div class=\"max-w-screen-2xl spacing-px mx-auto\">\n      <div class=\"content-top max-w-3xl align-left \">\n              <\/div>\n    <\/div>\n          <div class=\"gallery-wall-simple  max-w-screen-2xl spacing-px mx-auto mx-auto grid gallery-grid-cols-2 gap-1 md:gap-3 lg:gap-5\">\n         \n        <div class=\"gallery-image-wrapper\">\n          <div data-src=\"https:\/\/berliner-seilfabrik.com\/wp-content\/uploads\/2021\/12\/6c1fe256-64ce-7b1c-d531-0b47f3a19c2e.jpg\" data-sub-html=\".image-description\" class=\"gallery-image relative rounded-[30px] aspect-3-4 cursor-pointer\">\n            <img decoding=\"async\" loading=\"lazy\" src=\"https:\/\/berliner-seilfabrik.com\/wp-content\/uploads\/2021\/12\/6c1fe256-64ce-7b1c-d531-0b47f3a19c2e-768x1024.jpg\" class=\"object-cover object-center w-full h-full image\">          <\/div>\n                  <\/div>\n         \n        <div class=\"gallery-image-wrapper\">\n          <div data-src=\"https:\/\/berliner-seilfabrik.com\/wp-content\/uploads\/2021\/12\/294c3a26-7805-483d-bd8b-280863f81aa8.jpg\" data-sub-html=\".image-description\" class=\"gallery-image relative rounded-[30px] aspect-3-4 cursor-pointer\">\n            <img decoding=\"async\" loading=\"lazy\" src=\"https:\/\/berliner-seilfabrik.com\/wp-content\/uploads\/2021\/12\/294c3a26-7805-483d-bd8b-280863f81aa8-768x1024.jpg\" class=\"object-cover object-center w-full h-full image\">          <\/div>\n                  <\/div>\n              <\/div>\n      <\/div>\n<\/section>\n\n<section class=\"text-module bg-bg-default text-text-default dark:!bg-dark dark:!text-white\">\n  <div class=\"anchor\" id=\"acf-block-67d7f0b982bf2\" ><\/div>\n  <div class=\"max-w-screen-2xl spacing-px spacing-py mx-auto\">\n          <div class=\"typo-body text-element max-w-4xl align-center mx-auto\">\n        <p>F\u00fcr den Wunsch eines alternativen Aufstiegs tat sich Six mit der Berliner&nbsp;Seilfabrik zusammen. Verschiedene Spielelemente wie Tunnel und Br\u00fccken verbinden sechs Ebenen und somit ca. 23 Meter H\u00f6he bis zur Aussichtsplattform spielerisch. Elimar Quednau, Projektkonstrukteur der Berliner&nbsp;Seilfabrik, erinnert sich: \u201eDie ersten Entw\u00fcrfe des Turms standen fest und so haben wir in enger Abstimmung mit dem Stahlbauer f\u00fcnf Netzelemente entworfen, die die Kletternden von Ebene zu Ebene bringen.\u201c Vom Start der \u201eBaumkrone\u201c f\u00fchrt ein vertikaler Netzaufstieg mit versetzt angeordneten HDPE-Platten zur zweiten Ebene und somit auf die erste von zwei Zwischenplattformen. Ein schr\u00e4ger Netzaufstieg bringt die Besucher:innen von dort zu einem bogenf\u00f6rmigen Aufstieg mit innenliegenden versetzen Netzen, der au\u00dfen, in einer H\u00f6he von ca. 40 Metern, am Turm entlangf\u00fchrt.<\/p>\n      <\/div>\n      <\/div>\n<\/section>\n\n<section class=\"image-module bg-bg-default text-text-default dark:!bg-dark dark:!text-white spacing-py\">\n  <div class=\"anchor\" id=\"acf-block-67d7f0b982cd4\" ><\/div>\n  <div class=\"max-w-screen-2xl spacing-px mx-auto\">\n    <div class=\"content-top max-w-3xl align-left \">\n          <\/div>\n  <\/div>\n  <div class=\"image-module__container mx-auto max-w-screen-2xl spacing-px \">\n    <div data-src=\"https:\/\/berliner-seilfabrik.com\/wp-content\/uploads\/2021\/12\/83283c36-9969-0884-7462-3f9c7b18d536-scaled.jpg\" class=\"image-module__image cursor-pointer aspect-4\/3\"> \n      <img loading=\"lazy\" decoding=\"async\" width=\"2560\" height=\"1920\" src=\"https:\/\/berliner-seilfabrik.com\/wp-content\/uploads\/2021\/12\/83283c36-9969-0884-7462-3f9c7b18d536-scaled.jpg\" class=\"z-0 rounded-[30px]\" alt=\"\" srcset=\"https:\/\/berliner-seilfabrik.com\/wp-content\/uploads\/2021\/12\/83283c36-9969-0884-7462-3f9c7b18d536-scaled.jpg 2560w, https:\/\/berliner-seilfabrik.com\/wp-content\/uploads\/2021\/12\/83283c36-9969-0884-7462-3f9c7b18d536-300x225.jpg 300w, https:\/\/berliner-seilfabrik.com\/wp-content\/uploads\/2021\/12\/83283c36-9969-0884-7462-3f9c7b18d536-1024x768.jpg 1024w, https:\/\/berliner-seilfabrik.com\/wp-content\/uploads\/2021\/12\/83283c36-9969-0884-7462-3f9c7b18d536-768x576.jpg 768w, https:\/\/berliner-seilfabrik.com\/wp-content\/uploads\/2021\/12\/83283c36-9969-0884-7462-3f9c7b18d536-1536x1152.jpg 1536w, https:\/\/berliner-seilfabrik.com\/wp-content\/uploads\/2021\/12\/83283c36-9969-0884-7462-3f9c7b18d536-2048x1536.jpg 2048w, https:\/\/berliner-seilfabrik.com\/wp-content\/uploads\/2021\/12\/83283c36-9969-0884-7462-3f9c7b18d536-1900x1425.jpg 1900w, https:\/\/berliner-seilfabrik.com\/wp-content\/uploads\/2021\/12\/83283c36-9969-0884-7462-3f9c7b18d536-1240x930.jpg 1240w\" sizes=\"auto, (max-width: 2560px) 100vw, 2560px\" \/>    <\/div> \n      <\/div>\n<\/section>\n\n<section class=\"text-module bg-bg-default text-text-default dark:!bg-dark dark:!text-white\">\n  <div class=\"anchor\" id=\"acf-block-67d7f0b982db4\" ><\/div>\n  <div class=\"max-w-screen-2xl spacing-px spacing-py mx-auto\">\n          <div class=\"typo-body text-element max-w-4xl align-center mx-auto\">\n        <p>Hat man den Bogen durchquert, landet man auf der zweiten Zwischenebene. Hier befindet sich eines der Highlights des Waldturms: der zehn Meter hohe DNA Tower mit einem dreidimensionalen Kletternetz, der mit seinen Pfosten fast aus dem Turm hinausragt. Quednau verriet: \u201eDie Idee, einen DNA Tower im Turm zu platzieren, entstand erst zu einem etwas sp\u00e4teren Zeitpunkt der Planung. Hier war, wie bei den anderen Spielelementen auch, eine enge planerische Zusammenarbeit mit dem Turmbauer n\u00f6tig. Um den Einbau des DNA Towers zu erm\u00f6glichen, mussten zus\u00e4tzliche statische Berechnungen unternommen und weitere Stahltr\u00e4ger unterhalb der zweiten Zwischenplattform eingebaut werden.\u201c<\/p>\n      <\/div>\n      <\/div>\n<\/section>\n\n<section class=\"gallery-wall-simple-module bg-bg-default text-text-default\">\n  <div class=\"anchor\" id=\"acf-block-67d7f0b982e93\" ><\/div>\n  <div class=\"gallery-wall-simple-section dark:!bg-dark dark:!text-white spacing-py\">\n    <div class=\"max-w-screen-2xl spacing-px mx-auto\">\n      <div class=\"content-top max-w-3xl align-left \">\n              <\/div>\n    <\/div>\n          <div class=\"gallery-wall-simple  max-w-screen-2xl spacing-px mx-auto mx-auto grid gallery-grid-cols-2 gap-1 md:gap-3 lg:gap-5\">\n         \n        <div class=\"gallery-image-wrapper\">\n          <div data-src=\"https:\/\/berliner-seilfabrik.com\/wp-content\/uploads\/2021\/12\/0daee6b4-3f0b-39cc-e131-042a82fe45c0-scaled.jpg\" data-sub-html=\".image-description\" class=\"gallery-image relative rounded-[30px] aspect-3-4 cursor-pointer\">\n            <img decoding=\"async\" loading=\"lazy\" src=\"https:\/\/berliner-seilfabrik.com\/wp-content\/uploads\/2021\/12\/0daee6b4-3f0b-39cc-e131-042a82fe45c0-768x1021.jpg\" class=\"object-cover object-center w-full h-full image\">          <\/div>\n                  <\/div>\n         \n        <div class=\"gallery-image-wrapper\">\n          <div data-src=\"https:\/\/berliner-seilfabrik.com\/wp-content\/uploads\/2021\/12\/03b9fa3b-9ae1-2d2b-18f0-d6b05d898588.jpg\" data-sub-html=\".image-description\" class=\"gallery-image relative rounded-[30px] aspect-3-4 cursor-pointer\">\n            <img decoding=\"async\" loading=\"lazy\" src=\"https:\/\/berliner-seilfabrik.com\/wp-content\/uploads\/2021\/12\/03b9fa3b-9ae1-2d2b-18f0-d6b05d898588-768x1024.jpg\" class=\"object-cover object-center w-full h-full image\">          <\/div>\n                  <\/div>\n              <\/div>\n      <\/div>\n<\/section>\n\n<section class=\"text-module bg-bg-default text-text-default dark:!bg-dark dark:!text-white\">\n  <div class=\"anchor\" id=\"acf-block-67d7f0b982f6c\" ><\/div>\n  <div class=\"max-w-screen-2xl spacing-px spacing-py mx-auto\">\n          <div class=\"typo-body text-element max-w-4xl align-center mx-auto\">\n        <p>Auf einem Dschungelbr\u00fcckenseil in einem 11,5 Meter langen Netztunnel balanciert man in 6 Metern H\u00f6he quer durch den Waldturm. Ein zweiter bogenf\u00f6rmiger Aufstieg \u00fcberbr\u00fcckt den Weg zwischen den letzten beiden Ebenen und f\u00fchrt diesmal in ca. 7 Metern H\u00f6he im Inneren des Turms bis zur Aussichtsplattform. Dort wartet eine weitere Besonderheit des Turms auf die Besucher:innen.<\/p>\n      <\/div>\n      <\/div>\n<\/section>\n\n<section class=\"image-module bg-bg-default text-text-default dark:!bg-dark dark:!text-white spacing-py\">\n  <div class=\"anchor\" id=\"acf-block-67d7f0b983055\" ><\/div>\n  <div class=\"max-w-screen-2xl spacing-px mx-auto\">\n    <div class=\"content-top max-w-3xl align-left \">\n          <\/div>\n  <\/div>\n  <div class=\"image-module__container mx-auto max-w-screen-2xl spacing-px \">\n    <div data-src=\"https:\/\/berliner-seilfabrik.com\/wp-content\/uploads\/2021\/12\/fc000083-1236-0e8f-12f2-fcddc49745be.jpg\" class=\"image-module__image cursor-pointer aspect-4\/3\"> \n      <img loading=\"lazy\" decoding=\"async\" width=\"1067\" height=\"800\" src=\"https:\/\/berliner-seilfabrik.com\/wp-content\/uploads\/2021\/12\/fc000083-1236-0e8f-12f2-fcddc49745be.jpg\" class=\"z-0 rounded-[30px]\" alt=\"\" srcset=\"https:\/\/berliner-seilfabrik.com\/wp-content\/uploads\/2021\/12\/fc000083-1236-0e8f-12f2-fcddc49745be.jpg 1067w, https:\/\/berliner-seilfabrik.com\/wp-content\/uploads\/2021\/12\/fc000083-1236-0e8f-12f2-fcddc49745be-300x225.jpg 300w, https:\/\/berliner-seilfabrik.com\/wp-content\/uploads\/2021\/12\/fc000083-1236-0e8f-12f2-fcddc49745be-1024x768.jpg 1024w, https:\/\/berliner-seilfabrik.com\/wp-content\/uploads\/2021\/12\/fc000083-1236-0e8f-12f2-fcddc49745be-768x576.jpg 768w\" sizes=\"auto, (max-width: 1067px) 100vw, 1067px\" \/>    <\/div> \n      <\/div>\n<\/section>\n\n<section class=\"text-module bg-bg-default text-text-default dark:!bg-dark dark:!text-white\">\n  <div class=\"anchor\" id=\"acf-block-67d7f0b983138\" ><\/div>\n  <div class=\"max-w-screen-2xl spacing-px spacing-py mx-auto\">\n          <div class=\"typo-body text-element max-w-4xl align-center mx-auto\">\n        <p>Zwei engmaschige Netze, die am \u00e4u\u00dfersten Rand der Plattform zu finden sind, bieten denen, die sich trauen auf das Netz zu treten, einen Blick 52 Meter in die Tiefe. Alle Seilkreuzungspunkte der Fl\u00e4chennetze sowie die Tunnel der Berliner&nbsp;Seilfabrik werden mit Kugelknoten aus Aluminium verpresst. F\u00fcr eine neue Ausf\u00fchrung wurde ein internationales Patent erteilt. Das Verpressen jedes einzelnen Kugelknotens ist ein pr\u00e4ziser mehrstufiger Prozess, der ein sicheres Fixieren der Kreuzungsposition sowie eine sehr hohe Festigkeit gegen Verrutschen garantiert. Au\u00dferdem h\u00e4lt dieses Verfahren jeder Temperatur stand und ist sicher gegen Vandalismusversuche. Das Betreten der beiden 6 mal 3 Meter gro\u00dfen Netze ist also sehr sicher, was im Angesicht der H\u00f6he bei dem einen oder anderen allerdings auch in den Hintergrund geraten kann. So erging es auch dem gesch\u00e4ftsf\u00fchrenden Gesellschafter der Berliner&nbsp;Seilfabrik David K\u00f6hler bei seinem Besuch des Waldturms: \u201eObwohl ich wei\u00df, dass unsere Netze auf mehrere Tonnen Nutzerlast ausgelegt sind, war der Schritt auf das Netz eine echte \u00dcberwindung. Ich bin im Nachhinein froh, dass ich es doch gewagt habe. Die schwindelerregende H\u00f6he und die Aussicht waren eine tolle Erfahrung.\u201c<\/p>\n      <\/div>\n      <\/div>\n<\/section>","protected":false},"excerpt":{"rendered":"<p>2007 begannen im bayerischen Sankt Englmar, nahe der tschechischen Grenze, die Bauarbeiten f\u00fcr das Projekt \u201eWaldwipfelweg\u201c. Martin Six, der Betreiber der niederbayerischen Familienattraktion, hatte das Areal urspr\u00fcnglich geerbt und \u00fcberlegte, was er aus den L\u00e4ndereien machen k\u00f6nnte. Er kam bald auf die Idee, die naturnahe und baumreiche Umgebung zu einem Waldwipfelweg auszubauen, der 2008 seine Er\u00f6ffnung feierte. \u201eDurch seine S\u00fcdhanglage ist das Grundst\u00fcck daf\u00fcr bestens geeignet\u201c, sagt Martin Six. \u201eBei guter Sicht hat man sogar einen freien Blick auf die Zugspitze, die ca. 220 Kilometer Luftlinie entfernt liegt\u201c.<\/p>\n","protected":false},"featured_media":28004,"template":"","news-category":[301,302],"class_list":["post-28003","news","type-news","status-publish","has-post-thumbnail","hentry","news-category-neuigkeiten","news-category-projekt-des-monats"],"acf":[],"yoast_head":"<!-- This site is optimized with the Yoast SEO plugin v26.8 - https:\/\/yoast.com\/product\/yoast-seo-wordpress\/ -->\n<title>Berliner Seilfabrik - Waldwipfelweg im Bayerischen Wald<\/title>\n<meta name=\"robots\" content=\"index, follow, max-snippet:-1, max-image-preview:large, max-video-preview:-1\" \/>\n<link rel=\"canonical\" href=\"https:\/\/berliner-seilfabrik.com\/de\/news\/waldwipfelweg-im-bayerischen-wald\/\" \/>\n<meta property=\"og:locale\" content=\"de_DE\" \/>\n<meta property=\"og:type\" content=\"article\" \/>\n<meta property=\"og:title\" content=\"Berliner Seilfabrik - Waldwipfelweg im Bayerischen Wald\" \/>\n<meta property=\"og:description\" content=\"2007 begannen im bayerischen Sankt Englmar, nahe der tschechischen Grenze, die Bauarbeiten f\u00fcr das Projekt \u201eWaldwipfelweg\u201c. Martin Six, der Betreiber der niederbayerischen Familienattraktion, hatte das Areal urspr\u00fcnglich geerbt und \u00fcberlegte, was er aus den L\u00e4ndereien machen k\u00f6nnte. Er kam bald auf die Idee, die naturnahe und baumreiche Umgebung zu einem Waldwipfelweg auszubauen, der 2008 seine Er\u00f6ffnung feierte. \u201eDurch seine S\u00fcdhanglage ist das Grundst\u00fcck daf\u00fcr bestens geeignet\u201c, sagt Martin Six. \u201eBei guter Sicht hat man sogar einen freien Blick auf die Zugspitze, die ca. 220 Kilometer Luftlinie entfernt liegt\u201c.\" \/>\n<meta property=\"og:url\" content=\"https:\/\/berliner-seilfabrik.com\/de\/news\/waldwipfelweg-im-bayerischen-wald\/\" \/>\n<meta property=\"og:site_name\" content=\"Berliner Seilfabrik\" \/>\n<meta property=\"article:publisher\" content=\"https:\/\/www.facebook.com\/berlinerseilfabrik\/\" \/>\n<meta property=\"article:modified_time\" content=\"2025-03-17T09:51:54+00:00\" \/>\n<meta property=\"og:image\" content=\"https:\/\/berliner-seilfabrik.com\/wp-content\/uploads\/2025\/02\/83283c36-9969-0884-7462-3f9c7b18d536-scaled.jpg\" \/>\n\t<meta property=\"og:image:width\" content=\"2560\" \/>\n\t<meta property=\"og:image:height\" content=\"1920\" \/>\n\t<meta property=\"og:image:type\" content=\"image\/jpeg\" \/>\n<meta name=\"twitter:card\" content=\"summary_large_image\" \/>\n<script type=\"application\/ld+json\" class=\"yoast-schema-graph\">{\"@context\":\"https:\/\/schema.org\",\"@graph\":[{\"@type\":\"WebPage\",\"@id\":\"https:\/\/berliner-seilfabrik.com\/de\/news\/waldwipfelweg-im-bayerischen-wald\/\",\"url\":\"https:\/\/berliner-seilfabrik.com\/de\/news\/waldwipfelweg-im-bayerischen-wald\/\",\"name\":\"Berliner Seilfabrik - Waldwipfelweg im Bayerischen Wald\",\"isPartOf\":{\"@id\":\"https:\/\/berliner-seilfabrik.com\/de\/#website\"},\"primaryImageOfPage\":{\"@id\":\"https:\/\/berliner-seilfabrik.com\/de\/news\/waldwipfelweg-im-bayerischen-wald\/#primaryimage\"},\"image\":{\"@id\":\"https:\/\/berliner-seilfabrik.com\/de\/news\/waldwipfelweg-im-bayerischen-wald\/#primaryimage\"},\"thumbnailUrl\":\"https:\/\/berliner-seilfabrik.com\/wp-content\/uploads\/2025\/02\/83283c36-9969-0884-7462-3f9c7b18d536-scaled.jpg\",\"datePublished\":\"2021-12-01T08:29:00+00:00\",\"dateModified\":\"2025-03-17T09:51:54+00:00\",\"breadcrumb\":{\"@id\":\"https:\/\/berliner-seilfabrik.com\/de\/news\/waldwipfelweg-im-bayerischen-wald\/#breadcrumb\"},\"inLanguage\":\"de\",\"potentialAction\":[{\"@type\":\"ReadAction\",\"target\":[\"https:\/\/berliner-seilfabrik.com\/de\/news\/waldwipfelweg-im-bayerischen-wald\/\"]}]},{\"@type\":\"ImageObject\",\"inLanguage\":\"de\",\"@id\":\"https:\/\/berliner-seilfabrik.com\/de\/news\/waldwipfelweg-im-bayerischen-wald\/#primaryimage\",\"url\":\"https:\/\/berliner-seilfabrik.com\/wp-content\/uploads\/2025\/02\/83283c36-9969-0884-7462-3f9c7b18d536-scaled.jpg\",\"contentUrl\":\"https:\/\/berliner-seilfabrik.com\/wp-content\/uploads\/2025\/02\/83283c36-9969-0884-7462-3f9c7b18d536-scaled.jpg\",\"width\":2560,\"height\":1920},{\"@type\":\"BreadcrumbList\",\"@id\":\"https:\/\/berliner-seilfabrik.com\/de\/news\/waldwipfelweg-im-bayerischen-wald\/#breadcrumb\",\"itemListElement\":[{\"@type\":\"ListItem\",\"position\":1,\"name\":\"Home\",\"item\":\"https:\/\/berliner-seilfabrik.com\/de\/\"},{\"@type\":\"ListItem\",\"position\":2,\"name\":\"News\",\"item\":\"https:\/\/berliner-seilfabrik.com\/en\/news\/\"},{\"@type\":\"ListItem\",\"position\":3,\"name\":\"Waldwipfelweg im Bayerischen Wald\"}]},{\"@type\":\"WebSite\",\"@id\":\"https:\/\/berliner-seilfabrik.com\/de\/#website\",\"url\":\"https:\/\/berliner-seilfabrik.com\/de\/\",\"name\":\"Die Berliner Seilfabrik\",\"description\":\"Spielger\u00e4te f\u00fcrs Leben\",\"publisher\":{\"@id\":\"https:\/\/berliner-seilfabrik.com\/de\/#organization\"},\"potentialAction\":[{\"@type\":\"SearchAction\",\"target\":{\"@type\":\"EntryPoint\",\"urlTemplate\":\"https:\/\/berliner-seilfabrik.com\/de\/?s={search_term_string}\"},\"query-input\":{\"@type\":\"PropertyValueSpecification\",\"valueRequired\":true,\"valueName\":\"search_term_string\"}}],\"inLanguage\":\"de\"},{\"@type\":\"Organization\",\"@id\":\"https:\/\/berliner-seilfabrik.com\/de\/#organization\",\"name\":\"Die Berliner Seilfabrik\",\"url\":\"https:\/\/berliner-seilfabrik.com\/de\/\",\"logo\":{\"@type\":\"ImageObject\",\"inLanguage\":\"de\",\"@id\":\"https:\/\/berliner-seilfabrik.com\/de\/#\/schema\/logo\/image\/\",\"url\":\"https:\/\/berliner-seilfabrik.com\/wp-content\/uploads\/2026\/01\/bsf_logo_de-scaled.png\",\"contentUrl\":\"https:\/\/berliner-seilfabrik.com\/wp-content\/uploads\/2026\/01\/bsf_logo_de-scaled.png\",\"width\":2560,\"height\":2560,\"caption\":\"Die Berliner Seilfabrik\"},\"image\":{\"@id\":\"https:\/\/berliner-seilfabrik.com\/de\/#\/schema\/logo\/image\/\"},\"sameAs\":[\"https:\/\/www.facebook.com\/berlinerseilfabrik\/\"]}]}<\/script>\n<!-- \/ Yoast SEO plugin. -->","yoast_head_json":{"title":"Berliner Seilfabrik - Waldwipfelweg im Bayerischen Wald","robots":{"index":"index","follow":"follow","max-snippet":"max-snippet:-1","max-image-preview":"max-image-preview:large","max-video-preview":"max-video-preview:-1"},"canonical":"https:\/\/berliner-seilfabrik.com\/de\/news\/waldwipfelweg-im-bayerischen-wald\/","og_locale":"de_DE","og_type":"article","og_title":"Berliner Seilfabrik - Waldwipfelweg im Bayerischen Wald","og_description":"2007 begannen im bayerischen Sankt Englmar, nahe der tschechischen Grenze, die Bauarbeiten f\u00fcr das Projekt \u201eWaldwipfelweg\u201c. Martin Six, der Betreiber der niederbayerischen Familienattraktion, hatte das Areal urspr\u00fcnglich geerbt und \u00fcberlegte, was er aus den L\u00e4ndereien machen k\u00f6nnte. Er kam bald auf die Idee, die naturnahe und baumreiche Umgebung zu einem Waldwipfelweg auszubauen, der 2008 seine Er\u00f6ffnung feierte. \u201eDurch seine S\u00fcdhanglage ist das Grundst\u00fcck daf\u00fcr bestens geeignet\u201c, sagt Martin Six. \u201eBei guter Sicht hat man sogar einen freien Blick auf die Zugspitze, die ca. 220 Kilometer Luftlinie entfernt liegt\u201c.","og_url":"https:\/\/berliner-seilfabrik.com\/de\/news\/waldwipfelweg-im-bayerischen-wald\/","og_site_name":"Berliner Seilfabrik","article_publisher":"https:\/\/www.facebook.com\/berlinerseilfabrik\/","article_modified_time":"2025-03-17T09:51:54+00:00","og_image":[{"width":2560,"height":1920,"url":"https:\/\/berliner-seilfabrik.com\/wp-content\/uploads\/2025\/02\/83283c36-9969-0884-7462-3f9c7b18d536-scaled.jpg","type":"image\/jpeg"}],"twitter_card":"summary_large_image","schema":{"@context":"https:\/\/schema.org","@graph":[{"@type":"WebPage","@id":"https:\/\/berliner-seilfabrik.com\/de\/news\/waldwipfelweg-im-bayerischen-wald\/","url":"https:\/\/berliner-seilfabrik.com\/de\/news\/waldwipfelweg-im-bayerischen-wald\/","name":"Berliner Seilfabrik - Waldwipfelweg im Bayerischen Wald","isPartOf":{"@id":"https:\/\/berliner-seilfabrik.com\/de\/#website"},"primaryImageOfPage":{"@id":"https:\/\/berliner-seilfabrik.com\/de\/news\/waldwipfelweg-im-bayerischen-wald\/#primaryimage"},"image":{"@id":"https:\/\/berliner-seilfabrik.com\/de\/news\/waldwipfelweg-im-bayerischen-wald\/#primaryimage"},"thumbnailUrl":"https:\/\/berliner-seilfabrik.com\/wp-content\/uploads\/2025\/02\/83283c36-9969-0884-7462-3f9c7b18d536-scaled.jpg","datePublished":"2021-12-01T08:29:00+00:00","dateModified":"2025-03-17T09:51:54+00:00","breadcrumb":{"@id":"https:\/\/berliner-seilfabrik.com\/de\/news\/waldwipfelweg-im-bayerischen-wald\/#breadcrumb"},"inLanguage":"de","potentialAction":[{"@type":"ReadAction","target":["https:\/\/berliner-seilfabrik.com\/de\/news\/waldwipfelweg-im-bayerischen-wald\/"]}]},{"@type":"ImageObject","inLanguage":"de","@id":"https:\/\/berliner-seilfabrik.com\/de\/news\/waldwipfelweg-im-bayerischen-wald\/#primaryimage","url":"https:\/\/berliner-seilfabrik.com\/wp-content\/uploads\/2025\/02\/83283c36-9969-0884-7462-3f9c7b18d536-scaled.jpg","contentUrl":"https:\/\/berliner-seilfabrik.com\/wp-content\/uploads\/2025\/02\/83283c36-9969-0884-7462-3f9c7b18d536-scaled.jpg","width":2560,"height":1920},{"@type":"BreadcrumbList","@id":"https:\/\/berliner-seilfabrik.com\/de\/news\/waldwipfelweg-im-bayerischen-wald\/#breadcrumb","itemListElement":[{"@type":"ListItem","position":1,"name":"Home","item":"https:\/\/berliner-seilfabrik.com\/de\/"},{"@type":"ListItem","position":2,"name":"News","item":"https:\/\/berliner-seilfabrik.com\/en\/news\/"},{"@type":"ListItem","position":3,"name":"Waldwipfelweg im Bayerischen Wald"}]},{"@type":"WebSite","@id":"https:\/\/berliner-seilfabrik.com\/de\/#website","url":"https:\/\/berliner-seilfabrik.com\/de\/","name":"Die Berliner Seilfabrik","description":"Spielger\u00e4te f\u00fcrs Leben","publisher":{"@id":"https:\/\/berliner-seilfabrik.com\/de\/#organization"},"potentialAction":[{"@type":"SearchAction","target":{"@type":"EntryPoint","urlTemplate":"https:\/\/berliner-seilfabrik.com\/de\/?s={search_term_string}"},"query-input":{"@type":"PropertyValueSpecification","valueRequired":true,"valueName":"search_term_string"}}],"inLanguage":"de"},{"@type":"Organization","@id":"https:\/\/berliner-seilfabrik.com\/de\/#organization","name":"Die Berliner Seilfabrik","url":"https:\/\/berliner-seilfabrik.com\/de\/","logo":{"@type":"ImageObject","inLanguage":"de","@id":"https:\/\/berliner-seilfabrik.com\/de\/#\/schema\/logo\/image\/","url":"https:\/\/berliner-seilfabrik.com\/wp-content\/uploads\/2026\/01\/bsf_logo_de-scaled.png","contentUrl":"https:\/\/berliner-seilfabrik.com\/wp-content\/uploads\/2026\/01\/bsf_logo_de-scaled.png","width":2560,"height":2560,"caption":"Die Berliner Seilfabrik"},"image":{"@id":"https:\/\/berliner-seilfabrik.com\/de\/#\/schema\/logo\/image\/"},"sameAs":["https:\/\/www.facebook.com\/berlinerseilfabrik\/"]}]}},"_links":{"self":[{"href":"https:\/\/berliner-seilfabrik.com\/de\/wp-json\/wp\/v2\/news\/28003","targetHints":{"allow":["GET"]}}],"collection":[{"href":"https:\/\/berliner-seilfabrik.com\/de\/wp-json\/wp\/v2\/news"}],"about":[{"href":"https:\/\/berliner-seilfabrik.com\/de\/wp-json\/wp\/v2\/types\/news"}],"version-history":[{"count":8,"href":"https:\/\/berliner-seilfabrik.com\/de\/wp-json\/wp\/v2\/news\/28003\/revisions"}],"predecessor-version":[{"id":40566,"href":"https:\/\/berliner-seilfabrik.com\/de\/wp-json\/wp\/v2\/news\/28003\/revisions\/40566"}],"wp:featuredmedia":[{"embeddable":true,"href":"https:\/\/berliner-seilfabrik.com\/de\/wp-json\/wp\/v2\/media\/28004"}],"wp:attachment":[{"href":"https:\/\/berliner-seilfabrik.com\/de\/wp-json\/wp\/v2\/media?parent=28003"}],"wp:term":[{"taxonomy":"news-category","embeddable":true,"href":"https:\/\/berliner-seilfabrik.com\/de\/wp-json\/wp\/v2\/news-category?post=28003"}],"curies":[{"name":"wp","href":"https:\/\/api.w.org\/{rel}","templated":true}]}}