{"id":27997,"date":"2022-12-12T10:57:18","date_gmt":"2022-12-12T09:57:18","guid":{"rendered":"https:\/\/berliner-seilfabrik.com\/news\/neuer-spielpark-in-bad-vilbel\/"},"modified":"2025-03-17T10:36:34","modified_gmt":"2025-03-17T09:36:34","slug":"neuer-spielpark-in-bad-vilbel","status":"publish","type":"news","link":"https:\/\/berliner-seilfabrik.com\/de\/news\/neuer-spielpark-in-bad-vilbel\/","title":{"rendered":"Neuer Spielpark in Bad Vilbel"},"content":{"rendered":"<section class=\"text-module bg-bg-default text-text-default dark:!bg-dark dark:!text-white\">\n  <div class=\"anchor\" id=\"acf-block-67d7db9f61608\" ><\/div>\n  <div class=\"max-w-screen-2xl spacing-px spacing-py mx-auto\">\n          <div class=\"typo-body text-element max-w-4xl align-center mx-auto\">\n        <p>F\u00fcr die Anwohner:innen eines Neubaugebietes in Bad Vilbel waren die unzureichenden Spielm\u00f6glichkeiten f\u00fcr die vielen Kinder nicht hinnehmbar. Nachdem ein Elternpaar in ihrem Urlaub ein Spielger\u00e4t der Berliner&nbsp;Seilfabrik gesehen hatte, recherchierten sie zum Unternehmen und kontaktierten den f\u00fcr das Rhein-Main-Gebiet zust\u00e4ndigen Vertriebspartner. Sie luden ihn zu sich nach Bad Vilbel ein und baten ihn, sich f\u00fcr den Bau eines Spielplatzes mit Ger\u00e4ten der Berliner&nbsp;Seilfabrik einzusetzen. Es konnte ein Konzept f\u00fcr den Spielplatz erarbeitet werden, das im September 2020 von der Stadt offiziell genehmigt wurde.<\/p>\n      <\/div>\n      <\/div>\n<\/section>\n\n<section class=\"gallery-wall-simple-module bg-bg-default text-text-default\">\n  <div class=\"anchor\" id=\"acf-block-67d7db9f632a0\" ><\/div>\n  <div class=\"gallery-wall-simple-section dark:!bg-dark dark:!text-white spacing-py\">\n    <div class=\"max-w-screen-2xl spacing-px mx-auto\">\n      <div class=\"content-top max-w-3xl align-left \">\n              <\/div>\n    <\/div>\n          <div class=\"gallery-wall-simple  max-w-screen-2xl spacing-px mx-auto mx-auto grid gallery-grid-cols-2 gap-1 md:gap-3 lg:gap-5\">\n         \n        <div class=\"gallery-image-wrapper\">\n          <div data-src=\"https:\/\/berliner-seilfabrik.com\/wp-content\/uploads\/2022\/12\/Berliner_Lianen_HodgePodge_Bad-Vilbel-2-scaled.jpg\" data-sub-html=\".image-description\" class=\"gallery-image relative rounded-[30px] aspect-video cursor-pointer\">\n            <img decoding=\"async\" loading=\"lazy\" src=\"https:\/\/berliner-seilfabrik.com\/wp-content\/uploads\/2022\/12\/Berliner_Lianen_HodgePodge_Bad-Vilbel-2-768x576.jpg\" class=\"object-cover object-center w-full h-full image\">          <\/div>\n                  <\/div>\n         \n        <div class=\"gallery-image-wrapper\">\n          <div data-src=\"https:\/\/berliner-seilfabrik.com\/wp-content\/uploads\/2022\/12\/Berliner_Calisthenics_HodgePodge_Bad-Vilbel-2-scaled.jpg\" data-sub-html=\".image-description\" class=\"gallery-image relative rounded-[30px] aspect-video cursor-pointer\">\n            <img decoding=\"async\" loading=\"lazy\" src=\"https:\/\/berliner-seilfabrik.com\/wp-content\/uploads\/2022\/12\/Berliner_Calisthenics_HodgePodge_Bad-Vilbel-2-768x576.jpg\" class=\"object-cover object-center w-full h-full image\">          <\/div>\n                  <\/div>\n              <\/div>\n      <\/div>\n<\/section>\n\n<section class=\"text-module bg-bg-default text-text-default dark:!bg-dark dark:!text-white\">\n  <div class=\"anchor\" id=\"acf-block-67d7db9f63398\" ><\/div>\n  <div class=\"max-w-screen-2xl spacing-px spacing-py mx-auto\">\n          <div class=\"typo-body text-element max-w-4xl align-center mx-auto\">\n        <p>F\u00fcr die Planung des gesamten Spielplatzes wurden die Landschaftsarchitekt:innen Steffen Henrich und Simone Michel beauftragt. Anne Eckert, Landschaftsarchitektin aus dem Creative Center der Berliner&nbsp;Seilfabrik, und Simone Michel begannen im Sommer 2020 mit der Planung des Spielplatzes. \u201eDie Anordnung und Auswahl der Spielger\u00e4te erfolgte in enger Abstimmung mit Frau Michel. Da der Spielplatz an einem Hang errichtet wurde, haben wir die Areale zuvor bestimmt, die f\u00fcr die Spielger\u00e4te geebnet werden mussten\u201c, erkl\u00e4rt Anne Eckert und erg\u00e4nzt: \u201eSo wurde in diesem Zuge die Planung einige Male angepasst, um z.B. weitere Spielfunktionen hinzuzuf\u00fcgen, das Gel\u00e4nde zu optimieren oder den Spielpark noch inklusiver zu gestalten.\u201c<\/p>\n      <\/div>\n      <\/div>\n<\/section>\n\n<section class=\"image-module bg-bg-default text-text-default dark:!bg-dark dark:!text-white spacing-py\">\n  <div class=\"anchor\" id=\"acf-block-67d7db9f64dfb\" ><\/div>\n  <div class=\"max-w-screen-2xl spacing-px mx-auto\">\n    <div class=\"content-top max-w-3xl align-left \">\n          <\/div>\n  <\/div>\n  <div class=\"image-module__container mx-auto max-w-screen-2xl spacing-px \">\n    <div data-src=\"https:\/\/berliner-seilfabrik.com\/wp-content\/uploads\/2022\/12\/f172557c-3a49-32f6-121d-aa995a643ab6-scaled.jpg\" class=\"image-module__image cursor-pointer aspect-video\"> \n      <img loading=\"lazy\" decoding=\"async\" width=\"2560\" height=\"1920\" src=\"https:\/\/berliner-seilfabrik.com\/wp-content\/uploads\/2022\/12\/f172557c-3a49-32f6-121d-aa995a643ab6-scaled.jpg\" class=\"z-0 rounded-[30px]\" alt=\"\" srcset=\"https:\/\/berliner-seilfabrik.com\/wp-content\/uploads\/2022\/12\/f172557c-3a49-32f6-121d-aa995a643ab6-scaled.jpg 2560w, https:\/\/berliner-seilfabrik.com\/wp-content\/uploads\/2022\/12\/f172557c-3a49-32f6-121d-aa995a643ab6-300x225.jpg 300w, https:\/\/berliner-seilfabrik.com\/wp-content\/uploads\/2022\/12\/f172557c-3a49-32f6-121d-aa995a643ab6-1024x768.jpg 1024w, https:\/\/berliner-seilfabrik.com\/wp-content\/uploads\/2022\/12\/f172557c-3a49-32f6-121d-aa995a643ab6-768x576.jpg 768w, https:\/\/berliner-seilfabrik.com\/wp-content\/uploads\/2022\/12\/f172557c-3a49-32f6-121d-aa995a643ab6-1536x1152.jpg 1536w, https:\/\/berliner-seilfabrik.com\/wp-content\/uploads\/2022\/12\/f172557c-3a49-32f6-121d-aa995a643ab6-2048x1536.jpg 2048w, https:\/\/berliner-seilfabrik.com\/wp-content\/uploads\/2022\/12\/f172557c-3a49-32f6-121d-aa995a643ab6-1900x1425.jpg 1900w, https:\/\/berliner-seilfabrik.com\/wp-content\/uploads\/2022\/12\/f172557c-3a49-32f6-121d-aa995a643ab6-1240x930.jpg 1240w\" sizes=\"auto, (max-width: 2560px) 100vw, 2560px\" \/>    <\/div> \n      <\/div>\n<\/section>\n\n<section class=\"text-module bg-bg-default text-text-default dark:!bg-dark dark:!text-white\">\n  <div class=\"anchor\" id=\"acf-block-67d7db9f64eef\" ><\/div>\n  <div class=\"max-w-screen-2xl spacing-px spacing-py mx-auto\">\n          <div class=\"typo-body text-element max-w-4xl align-center mx-auto\">\n        <p>Die Bauarbeiten starteten im Dezember 2021 und dauerten zwei Monate. \u201eEs war uns wichtig, dass der Spielplatz mit einer Vielfalt an Spielger\u00e4ten f\u00fcr Gro\u00df und Klein \u00fcberzeugt und der Gro\u00dfteil der Fl\u00e4che barrierefrei zu erreichen ist\u201c, sagt Simone Michel. \u201eZudem sollte er durch eine lockere Bepflanzung von au\u00dfen einsehbar bleiben und mit vielen Sitzgelegenheiten zum Verweilen einladen.\u201c<\/p>\n      <\/div>\n      <\/div>\n<\/section>\n\n<section class=\"image-module bg-bg-default text-text-default dark:!bg-dark dark:!text-white spacing-py\">\n  <div class=\"anchor\" id=\"acf-block-67d7db9f64fbf\" ><\/div>\n  <div class=\"max-w-screen-2xl spacing-px mx-auto\">\n    <div class=\"content-top max-w-3xl align-left \">\n          <\/div>\n  <\/div>\n  <div class=\"image-module__container mx-auto max-w-screen-2xl spacing-px \">\n    <div data-src=\"https:\/\/berliner-seilfabrik.com\/wp-content\/uploads\/2022\/12\/e84ed707-f213-becf-62bf-111e1565910e-scaled.jpg\" class=\"image-module__image cursor-pointer aspect-video\"> \n      <img loading=\"lazy\" decoding=\"async\" width=\"2560\" height=\"1440\" src=\"https:\/\/berliner-seilfabrik.com\/wp-content\/uploads\/2022\/12\/e84ed707-f213-becf-62bf-111e1565910e-scaled.jpg\" class=\"z-0 rounded-[30px]\" alt=\"\" srcset=\"https:\/\/berliner-seilfabrik.com\/wp-content\/uploads\/2022\/12\/e84ed707-f213-becf-62bf-111e1565910e-scaled.jpg 2560w, https:\/\/berliner-seilfabrik.com\/wp-content\/uploads\/2022\/12\/e84ed707-f213-becf-62bf-111e1565910e-300x169.jpg 300w, https:\/\/berliner-seilfabrik.com\/wp-content\/uploads\/2022\/12\/e84ed707-f213-becf-62bf-111e1565910e-1024x576.jpg 1024w, https:\/\/berliner-seilfabrik.com\/wp-content\/uploads\/2022\/12\/e84ed707-f213-becf-62bf-111e1565910e-768x432.jpg 768w, https:\/\/berliner-seilfabrik.com\/wp-content\/uploads\/2022\/12\/e84ed707-f213-becf-62bf-111e1565910e-1536x864.jpg 1536w, https:\/\/berliner-seilfabrik.com\/wp-content\/uploads\/2022\/12\/e84ed707-f213-becf-62bf-111e1565910e-2048x1152.jpg 2048w, https:\/\/berliner-seilfabrik.com\/wp-content\/uploads\/2022\/12\/e84ed707-f213-becf-62bf-111e1565910e-1900x1069.jpg 1900w, https:\/\/berliner-seilfabrik.com\/wp-content\/uploads\/2022\/12\/e84ed707-f213-becf-62bf-111e1565910e-1240x697.jpg 1240w\" sizes=\"auto, (max-width: 2560px) 100vw, 2560px\" \/>    <\/div> \n      <\/div>\n<\/section>\n\n<section class=\"text-module bg-bg-default text-text-default dark:!bg-dark dark:!text-white\">\n  <div class=\"anchor\" id=\"acf-block-67d7db9f650a7\" ><\/div>\n  <div class=\"max-w-screen-2xl spacing-px spacing-py mx-auto\">\n          <div class=\"typo-body text-element max-w-4xl align-center mx-auto\">\n        <p>Was auf dem Spielplatz nicht fehlen durfte, waren gro\u00dfe Raumnetzger\u00e4te, auf denen sich die Kinder austoben und bis hoch oben klettern k\u00f6nnen. Deshalb gab es davon auf dem neuen Spielplatz in Bad Vilbel gleich zwei Raumnetzger\u00e4te. Oben auf dem Mittelmastger\u00e4t, der Tetragode angekommen, wartet auf die Kinder ein Mastkorb, auf dem sie den weiten Ausblick auf die Wiesen drumherum genie\u00dfen k\u00f6nnen. Die angeschlossene Niedrigseilgartenanlage aus der Produktgruppe Terranos geht auf einen Abschnitt mit Rasen \u00fcber, der an den Weg angeschlossen ist. Dieser ist auch mit dem Rollstuhl gut zu befahren und macht die niedrige Seilanlage somit auch f\u00fcr Kinder und Eltern im Rollstuhl zug\u00e4nglich. Das PentaBoo auf der anderen Seite des Weges kann den Kindern im Spielh\u00e4uschen an der Spitze einen R\u00fcckzugsort bieten. Wer die Reise dort noch nicht beenden m\u00f6chte, kann den Netztunnel hinab zur Rutsche weiterklettern und so wieder schnell hinuntergelangen. Auf der anderen Seite des PentaBoo ist eine weitere Terranos-Anlage angeschlossen, die durch ihre U-Form das im Kreis Klettern m\u00f6glich macht. Von der Rutsche geht es mit Schwung \u00fcber das kleine Drehelement Eddie auf die Niedrigseilgartenanlage und wieder zur\u00fcck ins Raumnetz.<\/p>\n      <\/div>\n      <\/div>\n<\/section>\n\n<section class=\"gallery-wall-simple-module bg-bg-default text-text-default\">\n  <div class=\"anchor\" id=\"acf-block-67d7db9f651a0\" ><\/div>\n  <div class=\"gallery-wall-simple-section dark:!bg-dark dark:!text-white spacing-py\">\n    <div class=\"max-w-screen-2xl spacing-px mx-auto\">\n      <div class=\"content-top max-w-3xl align-left \">\n              <\/div>\n    <\/div>\n          <div class=\"gallery-wall-simple  max-w-screen-2xl spacing-px mx-auto mx-auto grid gallery-grid-cols-2 gap-1 md:gap-3 lg:gap-5\">\n         \n        <div class=\"gallery-image-wrapper\">\n          <div data-src=\"https:\/\/berliner-seilfabrik.com\/wp-content\/uploads\/2022\/12\/Berliner_Spoo_Sandwerkstatt_Bowl-Swing_Bad-Vilbel-2-scaled.jpg\" data-sub-html=\".image-description\" class=\"gallery-image relative rounded-[30px] aspect-video cursor-pointer\">\n            <img decoding=\"async\" loading=\"lazy\" src=\"https:\/\/berliner-seilfabrik.com\/wp-content\/uploads\/2022\/12\/Berliner_Spoo_Sandwerkstatt_Bowl-Swing_Bad-Vilbel-2-768x576.jpg\" class=\"object-cover object-center w-full h-full image\">          <\/div>\n                  <\/div>\n         \n        <div class=\"gallery-image-wrapper\">\n          <div data-src=\"https:\/\/berliner-seilfabrik.com\/wp-content\/uploads\/2022\/12\/Berliner_Terranos_Terranos-Terranova_Bad-Vilbel-2-scaled.jpg\" data-sub-html=\".image-description\" class=\"gallery-image relative rounded-[30px] aspect-video cursor-pointer\">\n            <img decoding=\"async\" loading=\"lazy\" src=\"https:\/\/berliner-seilfabrik.com\/wp-content\/uploads\/2022\/12\/Berliner_Terranos_Terranos-Terranova_Bad-Vilbel-2-768x576.jpg\" class=\"object-cover object-center w-full h-full image\">          <\/div>\n                  <\/div>\n              <\/div>\n      <\/div>\n<\/section>\n\n<section class=\"text-module bg-bg-default text-text-default dark:!bg-dark dark:!text-white\">\n  <div class=\"anchor\" id=\"acf-block-67d7db9f65283\" ><\/div>\n  <div class=\"max-w-screen-2xl spacing-px spacing-py mx-auto\">\n          <div class=\"typo-body text-element max-w-4xl align-center mx-auto\">\n        <p>F\u00fcr die, die noch nicht so hoch hinaufkommen, gibt es im Kleinkindbereich in einem gro\u00dfen Sandkasten ein kleines Spoo-H\u00e4uschen mit Rampe und Netzeinstieg \u2013 je nachdem, wie viel Klettererfahrung die Kleinen schon sammeln konnten. Die Sandwerkstatt animiert zudem zu Rollenspielen und f\u00f6rdert den sozialen Austausch. Die Bowl Swing hat einen niedrigen Einstieg und macht die Netzschaukel auch f\u00fcr Kleinkinder gut erreichbar. Einen Weg weiter befindet sich der Bereich, der auch f\u00fcr Teenager und Erwachsene attraktiv ist. Eine Calisthenics-Anlage f\u00f6rdert hier ebenfalls die Bewegung und die Balancierstrecke schult das Gleichgewicht. Trampoline und gro\u00dfe sich drehende Spielpunkte, die sogenannten Eddies, runden diesen Bereich ab.<\/p>\n      <\/div>\n      <\/div>\n<\/section>\n\n<section class=\"image-module bg-bg-default text-text-default dark:!bg-dark dark:!text-white spacing-py\">\n  <div class=\"anchor\" id=\"acf-block-67d7db9f6534e\" ><\/div>\n  <div class=\"max-w-screen-2xl spacing-px mx-auto\">\n    <div class=\"content-top max-w-3xl align-left \">\n          <\/div>\n  <\/div>\n  <div class=\"image-module__container mx-auto max-w-screen-2xl spacing-px \">\n    <div data-src=\"https:\/\/berliner-seilfabrik.com\/wp-content\/uploads\/2022\/12\/529a919a-bf5a-39d6-698b-47b229784db3-scaled.jpg\" class=\"image-module__image cursor-pointer aspect-4\/3\"> \n      <img loading=\"lazy\" decoding=\"async\" width=\"2560\" height=\"1920\" src=\"https:\/\/berliner-seilfabrik.com\/wp-content\/uploads\/2022\/12\/529a919a-bf5a-39d6-698b-47b229784db3-scaled.jpg\" class=\"z-0 rounded-[30px]\" alt=\"\" srcset=\"https:\/\/berliner-seilfabrik.com\/wp-content\/uploads\/2022\/12\/529a919a-bf5a-39d6-698b-47b229784db3-scaled.jpg 2560w, https:\/\/berliner-seilfabrik.com\/wp-content\/uploads\/2022\/12\/529a919a-bf5a-39d6-698b-47b229784db3-300x225.jpg 300w, https:\/\/berliner-seilfabrik.com\/wp-content\/uploads\/2022\/12\/529a919a-bf5a-39d6-698b-47b229784db3-1024x768.jpg 1024w, https:\/\/berliner-seilfabrik.com\/wp-content\/uploads\/2022\/12\/529a919a-bf5a-39d6-698b-47b229784db3-768x576.jpg 768w, https:\/\/berliner-seilfabrik.com\/wp-content\/uploads\/2022\/12\/529a919a-bf5a-39d6-698b-47b229784db3-1536x1152.jpg 1536w, https:\/\/berliner-seilfabrik.com\/wp-content\/uploads\/2022\/12\/529a919a-bf5a-39d6-698b-47b229784db3-2048x1536.jpg 2048w, https:\/\/berliner-seilfabrik.com\/wp-content\/uploads\/2022\/12\/529a919a-bf5a-39d6-698b-47b229784db3-1900x1425.jpg 1900w, https:\/\/berliner-seilfabrik.com\/wp-content\/uploads\/2022\/12\/529a919a-bf5a-39d6-698b-47b229784db3-1240x930.jpg 1240w\" sizes=\"auto, (max-width: 2560px) 100vw, 2560px\" \/>    <\/div> \n      <\/div>\n<\/section>\n\n<section class=\"text-module bg-bg-default text-text-default dark:!bg-dark dark:!text-white\">\n  <div class=\"anchor\" id=\"acf-block-67d7db9f6542f\" ><\/div>\n  <div class=\"max-w-screen-2xl spacing-px spacing-py mx-auto\">\n          <div class=\"typo-body text-element max-w-4xl align-center mx-auto\">\n        <p>Bei den Baggerarbeiten f\u00fcr das Fundament erwartete die Beteiligten eine Kuriosit\u00e4t: Unter der Oberfl\u00e4che befanden sich jahrtausendealte Platten geh\u00e4rteter Lavastr\u00f6me. Um diese zu entfernen musste gr\u00f6\u00dferes Ger\u00e4t herangeschafft werden. Durch diese Ausgrabung wurden die L\u00f6cher f\u00fcr die Fundamente allerdings gr\u00f6\u00dfer und tiefer, was mehr Zement erforderte.<\/p>\n<p>Verena Go\u00dfmann, Projektleiterin im Vertrieb der Berliner&nbsp;Seilfabrik, sagt: \u201eDass der Bau dieses Spielplatzes so eine H\u00fcrde f\u00fcr uns bereithalten w\u00fcrde, h\u00e4tte niemand von uns ahnen k\u00f6nnen. Allerdings hat sich der zus\u00e4tzliche Aufwand mehr als gelohnt. Wir finden, der Spielpark ist toll geworden und die Kinder und Eltern sehen das wie es scheint genauso.\u201c<\/p>\n      <\/div>\n      <\/div>\n<\/section>","protected":false},"excerpt":{"rendered":"<p>F\u00fcr die Anwohner:innen eines Neubaugebietes in Bad Vilbel waren die unzureichenden Spielm\u00f6glichkeiten f\u00fcr die vielen Kinder nicht hinnehmbar. Nachdem ein Elternpaar in ihrem Urlaub ein Spielger\u00e4t der Berliner&nbsp;Seilfabrik gesehen hatte, recherchierten sie zum Unternehmen und kontaktierten den f\u00fcr das Rhein-Main-Gebiet zust\u00e4ndigen Vertriebspartner. Sie luden ihn zu sich nach Bad Vilbel ein und baten ihn, sich f\u00fcr den Bau eines Spielplatzes mit Ger\u00e4ten der Berliner&nbsp;Seilfabrik einzusetzen. Es konnte ein Konzept f\u00fcr den Spielplatz erarbeitet werden, das im September 2020 von der Stadt offiziell genehmigt wurde.<\/p>\n","protected":false},"featured_media":27998,"template":"","news-category":[301,302],"class_list":["post-27997","news","type-news","status-publish","has-post-thumbnail","hentry","news-category-neuigkeiten","news-category-projekt-des-monats"],"acf":[],"yoast_head":"<!-- This site is optimized with the Yoast SEO plugin v26.8 - https:\/\/yoast.com\/product\/yoast-seo-wordpress\/ -->\n<title>Berliner Seilfabrik - Neuer Spielpark in Bad Vilbel<\/title>\n<meta name=\"robots\" content=\"index, follow, max-snippet:-1, max-image-preview:large, max-video-preview:-1\" \/>\n<link rel=\"canonical\" href=\"https:\/\/berliner-seilfabrik.com\/de\/news\/neuer-spielpark-in-bad-vilbel\/\" \/>\n<meta property=\"og:locale\" content=\"de_DE\" \/>\n<meta property=\"og:type\" content=\"article\" \/>\n<meta property=\"og:title\" content=\"Berliner Seilfabrik - Neuer Spielpark in Bad Vilbel\" \/>\n<meta property=\"og:description\" content=\"F\u00fcr die Anwohner:innen eines Neubaugebietes in Bad Vilbel waren die unzureichenden Spielm\u00f6glichkeiten f\u00fcr die vielen Kinder nicht hinnehmbar. Nachdem ein Elternpaar in ihrem Urlaub ein Spielger\u00e4t der Berliner&nbsp;Seilfabrik gesehen hatte, recherchierten sie zum Unternehmen und kontaktierten den f\u00fcr das Rhein-Main-Gebiet zust\u00e4ndigen Vertriebspartner. Sie luden ihn zu sich nach Bad Vilbel ein und baten ihn, sich f\u00fcr den Bau eines Spielplatzes mit Ger\u00e4ten der Berliner&nbsp;Seilfabrik einzusetzen. Es konnte ein Konzept f\u00fcr den Spielplatz erarbeitet werden, das im September 2020 von der Stadt offiziell genehmigt wurde.\" \/>\n<meta property=\"og:url\" content=\"https:\/\/berliner-seilfabrik.com\/de\/news\/neuer-spielpark-in-bad-vilbel\/\" \/>\n<meta property=\"og:site_name\" content=\"Berliner Seilfabrik\" \/>\n<meta property=\"article:publisher\" content=\"https:\/\/www.facebook.com\/berlinerseilfabrik\/\" \/>\n<meta property=\"article:modified_time\" content=\"2025-03-17T09:36:34+00:00\" \/>\n<meta property=\"og:image\" content=\"https:\/\/berliner-seilfabrik.com\/wp-content\/uploads\/2025\/02\/IMG_3355_bearbeitet-scaled.jpg\" \/>\n\t<meta property=\"og:image:width\" content=\"2560\" \/>\n\t<meta property=\"og:image:height\" content=\"1920\" \/>\n\t<meta property=\"og:image:type\" content=\"image\/jpeg\" \/>\n<meta name=\"twitter:card\" content=\"summary_large_image\" \/>\n<script type=\"application\/ld+json\" class=\"yoast-schema-graph\">{\"@context\":\"https:\/\/schema.org\",\"@graph\":[{\"@type\":\"WebPage\",\"@id\":\"https:\/\/berliner-seilfabrik.com\/de\/news\/neuer-spielpark-in-bad-vilbel\/\",\"url\":\"https:\/\/berliner-seilfabrik.com\/de\/news\/neuer-spielpark-in-bad-vilbel\/\",\"name\":\"Berliner Seilfabrik - Neuer Spielpark in Bad Vilbel\",\"isPartOf\":{\"@id\":\"https:\/\/berliner-seilfabrik.com\/de\/#website\"},\"primaryImageOfPage\":{\"@id\":\"https:\/\/berliner-seilfabrik.com\/de\/news\/neuer-spielpark-in-bad-vilbel\/#primaryimage\"},\"image\":{\"@id\":\"https:\/\/berliner-seilfabrik.com\/de\/news\/neuer-spielpark-in-bad-vilbel\/#primaryimage\"},\"thumbnailUrl\":\"https:\/\/berliner-seilfabrik.com\/wp-content\/uploads\/2025\/02\/IMG_3355_bearbeitet-scaled.jpg\",\"datePublished\":\"2022-12-12T09:57:18+00:00\",\"dateModified\":\"2025-03-17T09:36:34+00:00\",\"breadcrumb\":{\"@id\":\"https:\/\/berliner-seilfabrik.com\/de\/news\/neuer-spielpark-in-bad-vilbel\/#breadcrumb\"},\"inLanguage\":\"de\",\"potentialAction\":[{\"@type\":\"ReadAction\",\"target\":[\"https:\/\/berliner-seilfabrik.com\/de\/news\/neuer-spielpark-in-bad-vilbel\/\"]}]},{\"@type\":\"ImageObject\",\"inLanguage\":\"de\",\"@id\":\"https:\/\/berliner-seilfabrik.com\/de\/news\/neuer-spielpark-in-bad-vilbel\/#primaryimage\",\"url\":\"https:\/\/berliner-seilfabrik.com\/wp-content\/uploads\/2025\/02\/IMG_3355_bearbeitet-scaled.jpg\",\"contentUrl\":\"https:\/\/berliner-seilfabrik.com\/wp-content\/uploads\/2025\/02\/IMG_3355_bearbeitet-scaled.jpg\",\"width\":2560,\"height\":1920},{\"@type\":\"BreadcrumbList\",\"@id\":\"https:\/\/berliner-seilfabrik.com\/de\/news\/neuer-spielpark-in-bad-vilbel\/#breadcrumb\",\"itemListElement\":[{\"@type\":\"ListItem\",\"position\":1,\"name\":\"Home\",\"item\":\"https:\/\/berliner-seilfabrik.com\/de\/\"},{\"@type\":\"ListItem\",\"position\":2,\"name\":\"News\",\"item\":\"https:\/\/berliner-seilfabrik.com\/en\/news\/\"},{\"@type\":\"ListItem\",\"position\":3,\"name\":\"Neuer Spielpark in Bad Vilbel\"}]},{\"@type\":\"WebSite\",\"@id\":\"https:\/\/berliner-seilfabrik.com\/de\/#website\",\"url\":\"https:\/\/berliner-seilfabrik.com\/de\/\",\"name\":\"Die Berliner Seilfabrik\",\"description\":\"Spielger\u00e4te f\u00fcrs Leben\",\"publisher\":{\"@id\":\"https:\/\/berliner-seilfabrik.com\/de\/#organization\"},\"potentialAction\":[{\"@type\":\"SearchAction\",\"target\":{\"@type\":\"EntryPoint\",\"urlTemplate\":\"https:\/\/berliner-seilfabrik.com\/de\/?s={search_term_string}\"},\"query-input\":{\"@type\":\"PropertyValueSpecification\",\"valueRequired\":true,\"valueName\":\"search_term_string\"}}],\"inLanguage\":\"de\"},{\"@type\":\"Organization\",\"@id\":\"https:\/\/berliner-seilfabrik.com\/de\/#organization\",\"name\":\"Die Berliner Seilfabrik\",\"url\":\"https:\/\/berliner-seilfabrik.com\/de\/\",\"logo\":{\"@type\":\"ImageObject\",\"inLanguage\":\"de\",\"@id\":\"https:\/\/berliner-seilfabrik.com\/de\/#\/schema\/logo\/image\/\",\"url\":\"https:\/\/berliner-seilfabrik.com\/wp-content\/uploads\/2026\/01\/bsf_logo_de-scaled.png\",\"contentUrl\":\"https:\/\/berliner-seilfabrik.com\/wp-content\/uploads\/2026\/01\/bsf_logo_de-scaled.png\",\"width\":2560,\"height\":2560,\"caption\":\"Die Berliner Seilfabrik\"},\"image\":{\"@id\":\"https:\/\/berliner-seilfabrik.com\/de\/#\/schema\/logo\/image\/\"},\"sameAs\":[\"https:\/\/www.facebook.com\/berlinerseilfabrik\/\"]}]}<\/script>\n<!-- \/ Yoast SEO plugin. -->","yoast_head_json":{"title":"Berliner Seilfabrik - Neuer Spielpark in Bad Vilbel","robots":{"index":"index","follow":"follow","max-snippet":"max-snippet:-1","max-image-preview":"max-image-preview:large","max-video-preview":"max-video-preview:-1"},"canonical":"https:\/\/berliner-seilfabrik.com\/de\/news\/neuer-spielpark-in-bad-vilbel\/","og_locale":"de_DE","og_type":"article","og_title":"Berliner Seilfabrik - Neuer Spielpark in Bad Vilbel","og_description":"F\u00fcr die Anwohner:innen eines Neubaugebietes in Bad Vilbel waren die unzureichenden Spielm\u00f6glichkeiten f\u00fcr die vielen Kinder nicht hinnehmbar. Nachdem ein Elternpaar in ihrem Urlaub ein Spielger\u00e4t der Berliner&nbsp;Seilfabrik gesehen hatte, recherchierten sie zum Unternehmen und kontaktierten den f\u00fcr das Rhein-Main-Gebiet zust\u00e4ndigen Vertriebspartner. Sie luden ihn zu sich nach Bad Vilbel ein und baten ihn, sich f\u00fcr den Bau eines Spielplatzes mit Ger\u00e4ten der Berliner&nbsp;Seilfabrik einzusetzen. Es konnte ein Konzept f\u00fcr den Spielplatz erarbeitet werden, das im September 2020 von der Stadt offiziell genehmigt wurde.","og_url":"https:\/\/berliner-seilfabrik.com\/de\/news\/neuer-spielpark-in-bad-vilbel\/","og_site_name":"Berliner Seilfabrik","article_publisher":"https:\/\/www.facebook.com\/berlinerseilfabrik\/","article_modified_time":"2025-03-17T09:36:34+00:00","og_image":[{"width":2560,"height":1920,"url":"https:\/\/berliner-seilfabrik.com\/wp-content\/uploads\/2025\/02\/IMG_3355_bearbeitet-scaled.jpg","type":"image\/jpeg"}],"twitter_card":"summary_large_image","schema":{"@context":"https:\/\/schema.org","@graph":[{"@type":"WebPage","@id":"https:\/\/berliner-seilfabrik.com\/de\/news\/neuer-spielpark-in-bad-vilbel\/","url":"https:\/\/berliner-seilfabrik.com\/de\/news\/neuer-spielpark-in-bad-vilbel\/","name":"Berliner Seilfabrik - Neuer Spielpark in Bad Vilbel","isPartOf":{"@id":"https:\/\/berliner-seilfabrik.com\/de\/#website"},"primaryImageOfPage":{"@id":"https:\/\/berliner-seilfabrik.com\/de\/news\/neuer-spielpark-in-bad-vilbel\/#primaryimage"},"image":{"@id":"https:\/\/berliner-seilfabrik.com\/de\/news\/neuer-spielpark-in-bad-vilbel\/#primaryimage"},"thumbnailUrl":"https:\/\/berliner-seilfabrik.com\/wp-content\/uploads\/2025\/02\/IMG_3355_bearbeitet-scaled.jpg","datePublished":"2022-12-12T09:57:18+00:00","dateModified":"2025-03-17T09:36:34+00:00","breadcrumb":{"@id":"https:\/\/berliner-seilfabrik.com\/de\/news\/neuer-spielpark-in-bad-vilbel\/#breadcrumb"},"inLanguage":"de","potentialAction":[{"@type":"ReadAction","target":["https:\/\/berliner-seilfabrik.com\/de\/news\/neuer-spielpark-in-bad-vilbel\/"]}]},{"@type":"ImageObject","inLanguage":"de","@id":"https:\/\/berliner-seilfabrik.com\/de\/news\/neuer-spielpark-in-bad-vilbel\/#primaryimage","url":"https:\/\/berliner-seilfabrik.com\/wp-content\/uploads\/2025\/02\/IMG_3355_bearbeitet-scaled.jpg","contentUrl":"https:\/\/berliner-seilfabrik.com\/wp-content\/uploads\/2025\/02\/IMG_3355_bearbeitet-scaled.jpg","width":2560,"height":1920},{"@type":"BreadcrumbList","@id":"https:\/\/berliner-seilfabrik.com\/de\/news\/neuer-spielpark-in-bad-vilbel\/#breadcrumb","itemListElement":[{"@type":"ListItem","position":1,"name":"Home","item":"https:\/\/berliner-seilfabrik.com\/de\/"},{"@type":"ListItem","position":2,"name":"News","item":"https:\/\/berliner-seilfabrik.com\/en\/news\/"},{"@type":"ListItem","position":3,"name":"Neuer Spielpark in Bad Vilbel"}]},{"@type":"WebSite","@id":"https:\/\/berliner-seilfabrik.com\/de\/#website","url":"https:\/\/berliner-seilfabrik.com\/de\/","name":"Die Berliner Seilfabrik","description":"Spielger\u00e4te f\u00fcrs Leben","publisher":{"@id":"https:\/\/berliner-seilfabrik.com\/de\/#organization"},"potentialAction":[{"@type":"SearchAction","target":{"@type":"EntryPoint","urlTemplate":"https:\/\/berliner-seilfabrik.com\/de\/?s={search_term_string}"},"query-input":{"@type":"PropertyValueSpecification","valueRequired":true,"valueName":"search_term_string"}}],"inLanguage":"de"},{"@type":"Organization","@id":"https:\/\/berliner-seilfabrik.com\/de\/#organization","name":"Die Berliner Seilfabrik","url":"https:\/\/berliner-seilfabrik.com\/de\/","logo":{"@type":"ImageObject","inLanguage":"de","@id":"https:\/\/berliner-seilfabrik.com\/de\/#\/schema\/logo\/image\/","url":"https:\/\/berliner-seilfabrik.com\/wp-content\/uploads\/2026\/01\/bsf_logo_de-scaled.png","contentUrl":"https:\/\/berliner-seilfabrik.com\/wp-content\/uploads\/2026\/01\/bsf_logo_de-scaled.png","width":2560,"height":2560,"caption":"Die Berliner Seilfabrik"},"image":{"@id":"https:\/\/berliner-seilfabrik.com\/de\/#\/schema\/logo\/image\/"},"sameAs":["https:\/\/www.facebook.com\/berlinerseilfabrik\/"]}]}},"_links":{"self":[{"href":"https:\/\/berliner-seilfabrik.com\/de\/wp-json\/wp\/v2\/news\/27997","targetHints":{"allow":["GET"]}}],"collection":[{"href":"https:\/\/berliner-seilfabrik.com\/de\/wp-json\/wp\/v2\/news"}],"about":[{"href":"https:\/\/berliner-seilfabrik.com\/de\/wp-json\/wp\/v2\/types\/news"}],"version-history":[{"count":3,"href":"https:\/\/berliner-seilfabrik.com\/de\/wp-json\/wp\/v2\/news\/27997\/revisions"}],"predecessor-version":[{"id":40534,"href":"https:\/\/berliner-seilfabrik.com\/de\/wp-json\/wp\/v2\/news\/27997\/revisions\/40534"}],"wp:featuredmedia":[{"embeddable":true,"href":"https:\/\/berliner-seilfabrik.com\/de\/wp-json\/wp\/v2\/media\/27998"}],"wp:attachment":[{"href":"https:\/\/berliner-seilfabrik.com\/de\/wp-json\/wp\/v2\/media?parent=27997"}],"wp:term":[{"taxonomy":"news-category","embeddable":true,"href":"https:\/\/berliner-seilfabrik.com\/de\/wp-json\/wp\/v2\/news-category?post=27997"}],"curies":[{"name":"wp","href":"https:\/\/api.w.org\/{rel}","templated":true}]}}