{"id":27970,"date":"2021-07-22T07:20:00","date_gmt":"2021-07-22T06:20:00","guid":{"rendered":"https:\/\/berliner-seilfabrik.com\/news\/leaves\/"},"modified":"2025-03-12T18:17:43","modified_gmt":"2025-03-12T17:17:43","slug":"leaves","status":"publish","type":"news","link":"https:\/\/berliner-seilfabrik.com\/de\/news\/leaves\/","title":{"rendered":"Leaves"},"content":{"rendered":"<section class=\"text-module bg-bg-default text-text-default dark:!bg-dark dark:!text-white\">\n  <div class=\"anchor\" id=\"acf-block-67d1c1b6445ba\" ><\/div>\n  <div class=\"max-w-screen-2xl spacing-px spacing-py mx-auto\">\n          <div class=\"typo-body text-element max-w-4xl align-center mx-auto\">\n        <p>Unsere neuen Leaves verpassen Ihren Spielplatzideen das gewisse Etwas. Ob als optisches Highlight oder als Schattenspender f\u00fcr die Kleinen \u2013 die Leaves sind nicht nur ein echter Hingucker, sie haben auch einen praktischen Nebeneffekt und k\u00f6nnen so gezielt eingesetzt werden.<\/p>\n      <\/div>\n      <\/div>\n<\/section>\n\n<section class=\"image-module bg-bg-default text-text-default dark:!bg-dark dark:!text-white spacing-py\">\n  <div class=\"anchor\" id=\"acf-block-67d1c1b645fab\" ><\/div>\n  <div class=\"max-w-screen-2xl spacing-px mx-auto\">\n    <div class=\"content-top max-w-3xl align-left \">\n          <\/div>\n  <\/div>\n  <div class=\"image-module__container mx-auto max-w-screen-2xl spacing-px \">\n    <div data-src=\"https:\/\/berliner-seilfabrik.com\/wp-content\/uploads\/2021\/07\/2021_BerlinerLeaves_still_58-scaled.jpg\" class=\"image-module__image cursor-pointer aspect-video\"> \n      <img loading=\"lazy\" decoding=\"async\" width=\"2560\" height=\"1440\" src=\"https:\/\/berliner-seilfabrik.com\/wp-content\/uploads\/2021\/07\/2021_BerlinerLeaves_still_58-scaled.jpg\" class=\"z-0 rounded-[30px]\" alt=\"\" srcset=\"https:\/\/berliner-seilfabrik.com\/wp-content\/uploads\/2021\/07\/2021_BerlinerLeaves_still_58-scaled.jpg 2560w, https:\/\/berliner-seilfabrik.com\/wp-content\/uploads\/2021\/07\/2021_BerlinerLeaves_still_58-300x169.jpg 300w, https:\/\/berliner-seilfabrik.com\/wp-content\/uploads\/2021\/07\/2021_BerlinerLeaves_still_58-1024x576.jpg 1024w, https:\/\/berliner-seilfabrik.com\/wp-content\/uploads\/2021\/07\/2021_BerlinerLeaves_still_58-768x432.jpg 768w, https:\/\/berliner-seilfabrik.com\/wp-content\/uploads\/2021\/07\/2021_BerlinerLeaves_still_58-1536x864.jpg 1536w, https:\/\/berliner-seilfabrik.com\/wp-content\/uploads\/2021\/07\/2021_BerlinerLeaves_still_58-2048x1152.jpg 2048w, https:\/\/berliner-seilfabrik.com\/wp-content\/uploads\/2021\/07\/2021_BerlinerLeaves_still_58-1900x1069.jpg 1900w, https:\/\/berliner-seilfabrik.com\/wp-content\/uploads\/2021\/07\/2021_BerlinerLeaves_still_58-1240x698.jpg 1240w\" sizes=\"auto, (max-width: 2560px) 100vw, 2560px\" \/>    <\/div> \n      <\/div>\n<\/section>\n\n<section class=\"text-module bg-bg-default text-text-default dark:!bg-dark dark:!text-white\">\n  <div class=\"anchor\" id=\"acf-block-67d1c1b6460a0\" ><\/div>\n  <div class=\"max-w-screen-2xl spacing-px spacing-py mx-auto\">\n          <div class=\"typo-body text-element max-w-4xl align-center mx-auto\">\n        <p>Diese Multitalente gibt es in drei verschiedenen Gr\u00f6\u00dfen: Leaf S, Leaf M und Leaf L. Alle Leaves sind aus einem zu 100 % recycelbaren Planengewebe, das aus einem hochtechnologischen Mesh-Stoff besteht. Dadurch sind sie nicht nur schmutzabweisend und resistent gegen UV-Licht, sondern der Stoff l\u00e4sst sich zudem doppelseitig bedrucken, sodass die Bl\u00e4tter individuell gestaltbar sind.<\/p>\n      <\/div>\n      <\/div>\n<\/section>\n\n<section class=\"image-module bg-bg-default text-text-default dark:!bg-dark dark:!text-white spacing-py\">\n  <div class=\"anchor\" id=\"acf-block-67d1c1b6461b8\" ><\/div>\n  <div class=\"max-w-screen-2xl spacing-px mx-auto\">\n    <div class=\"content-top max-w-3xl align-left \">\n          <\/div>\n  <\/div>\n  <div class=\"image-module__container mx-auto max-w-screen-2xl spacing-px \">\n    <div data-src=\"https:\/\/berliner-seilfabrik.com\/wp-content\/uploads\/2021\/07\/Grosenverhaltnis.png\" class=\"image-module__image cursor-pointer aspect-video\"> \n      <img loading=\"lazy\" decoding=\"async\" width=\"885\" height=\"509\" src=\"https:\/\/berliner-seilfabrik.com\/wp-content\/uploads\/2021\/07\/Grosenverhaltnis.png\" class=\"z-0 rounded-[30px]\" alt=\"\" srcset=\"https:\/\/berliner-seilfabrik.com\/wp-content\/uploads\/2021\/07\/Grosenverhaltnis.png 885w, https:\/\/berliner-seilfabrik.com\/wp-content\/uploads\/2021\/07\/Grosenverhaltnis-300x173.png 300w, https:\/\/berliner-seilfabrik.com\/wp-content\/uploads\/2021\/07\/Grosenverhaltnis-768x442.png 768w\" sizes=\"auto, (max-width: 885px) 100vw, 885px\" \/>    <\/div> \n      <\/div>\n<\/section>\n\n<section class=\"text-module bg-bg-default text-text-default dark:!bg-dark dark:!text-white\">\n  <div class=\"anchor\" id=\"acf-block-67d1c1b6462a4\" ><\/div>\n  <div class=\"max-w-screen-2xl spacing-px spacing-py mx-auto\">\n          <div class=\"typo-body text-element max-w-4xl align-center mx-auto\">\n        <p>Dank der Luftdurchl\u00e4ssigkeit des Gewebes halten die Leaves auch starken Windlasten stand. Durch die Verwendung der\u00a0<a href=\"https:\/\/berliner-seilfabrik.com\/produkte\/\" target=\"_blank\" rel=\"noreferrer noopener\">drei verschiedenen Gr\u00f6\u00dfen<\/a>\u00a0wirkt die Gestaltung abwechslungsreich und lebendig.<\/p>\n<p>Konstruktive Basis der kunstvollen Schattenspender ist ein gebogenes Rohr aus Edelstahl, das vom Stielansatz bis zur Spitze eines jeden Blattes verl\u00e4uft und so f\u00fcr maximale Stabilit\u00e4t sorgt. Die Konturen der Au\u00dfenkanten werden durch elastische, glasfaserverst\u00e4rkte Kunststoffst\u00e4be in Form gehalten und dabei gekonnt vom Stoff kaschiert.<\/p>\n      <\/div>\n      <\/div>\n<\/section>\n\n<section class=\"image-module bg-bg-default text-text-default dark:!bg-dark dark:!text-white spacing-py\">\n  <div class=\"anchor\" id=\"acf-block-67d1c1b646371\" ><\/div>\n  <div class=\"max-w-screen-2xl spacing-px mx-auto\">\n    <div class=\"content-top max-w-3xl align-left \">\n          <\/div>\n  <\/div>\n  <div class=\"image-module__container mx-auto max-w-screen-2xl spacing-px \">\n    <div data-src=\"https:\/\/berliner-seilfabrik.com\/wp-content\/uploads\/2021\/07\/LN_0264-scaled.jpg\" class=\"image-module__image cursor-pointer aspect-video\"> \n      <img loading=\"lazy\" decoding=\"async\" width=\"2560\" height=\"1707\" src=\"https:\/\/berliner-seilfabrik.com\/wp-content\/uploads\/2021\/07\/LN_0264-scaled.jpg\" class=\"z-0 rounded-[30px]\" alt=\"\" srcset=\"https:\/\/berliner-seilfabrik.com\/wp-content\/uploads\/2021\/07\/LN_0264-scaled.jpg 2560w, https:\/\/berliner-seilfabrik.com\/wp-content\/uploads\/2021\/07\/LN_0264-300x200.jpg 300w, https:\/\/berliner-seilfabrik.com\/wp-content\/uploads\/2021\/07\/LN_0264-1024x683.jpg 1024w, https:\/\/berliner-seilfabrik.com\/wp-content\/uploads\/2021\/07\/LN_0264-768x512.jpg 768w, https:\/\/berliner-seilfabrik.com\/wp-content\/uploads\/2021\/07\/LN_0264-1536x1024.jpg 1536w, https:\/\/berliner-seilfabrik.com\/wp-content\/uploads\/2021\/07\/LN_0264-2048x1365.jpg 2048w, https:\/\/berliner-seilfabrik.com\/wp-content\/uploads\/2021\/07\/LN_0264-1900x1267.jpg 1900w, https:\/\/berliner-seilfabrik.com\/wp-content\/uploads\/2021\/07\/LN_0264-1240x827.jpg 1240w\" sizes=\"auto, (max-width: 2560px) 100vw, 2560px\" \/>    <\/div> \n      <\/div>\n<\/section>\n\n<section class=\"text-module bg-bg-default text-text-default dark:!bg-dark dark:!text-white\">\n  <div class=\"anchor\" id=\"acf-block-67d1c1b64644d\" ><\/div>\n  <div class=\"max-w-screen-2xl spacing-px spacing-py mx-auto\">\n          <div class=\"typo-body text-element max-w-4xl align-center mx-auto\">\n        <p>\u00dcber den Kugelanschluss und die Terranos-Schelle k\u00f6nnen die Leaves an alle Berliner Spielger\u00e4te der Produktreihe Greenville sowie der Niedrigseilg\u00e4rten von Terranos &amp; Terranova angebracht werden und so Ihr Spielplatzprojekt zu einem ganz besonderen machen. Lassen Sie sich in die Baumkronen des Spielplatzdschungels entf\u00fchren!<\/p>\n      <\/div>\n      <\/div>\n<\/section>","protected":false},"excerpt":{"rendered":"<p>Unsere neuen Leaves verpassen Ihren Spielplatzideen das gewisse Etwas. Ob als optisches Highlight oder als Schattenspender f\u00fcr die Kleinen \u2013 die Leaves sind nicht nur ein echter Hingucker, sie haben auch einen praktischen Nebeneffekt und k\u00f6nnen so gezielt eingesetzt werden.<\/p>\n","protected":false},"featured_media":27971,"template":"","news-category":[301],"class_list":["post-27970","news","type-news","status-publish","has-post-thumbnail","hentry","news-category-neuigkeiten"],"acf":[],"yoast_head":"<!-- This site is optimized with the Yoast SEO plugin v26.8 - https:\/\/yoast.com\/product\/yoast-seo-wordpress\/ -->\n<title>Berliner Seilfabrik - Leaves<\/title>\n<meta name=\"robots\" content=\"index, follow, max-snippet:-1, max-image-preview:large, max-video-preview:-1\" \/>\n<link rel=\"canonical\" href=\"https:\/\/berliner-seilfabrik.com\/de\/news\/leaves\/\" \/>\n<meta property=\"og:locale\" content=\"de_DE\" \/>\n<meta property=\"og:type\" content=\"article\" \/>\n<meta property=\"og:title\" content=\"Berliner Seilfabrik - Leaves\" \/>\n<meta property=\"og:description\" content=\"Unsere neuen Leaves verpassen Ihren Spielplatzideen das gewisse Etwas. Ob als optisches Highlight oder als Schattenspender f\u00fcr die Kleinen \u2013 die Leaves sind nicht nur ein echter Hingucker, sie haben auch einen praktischen Nebeneffekt und k\u00f6nnen so gezielt eingesetzt werden.\" \/>\n<meta property=\"og:url\" content=\"https:\/\/berliner-seilfabrik.com\/de\/news\/leaves\/\" \/>\n<meta property=\"og:site_name\" content=\"Berliner Seilfabrik\" \/>\n<meta property=\"article:publisher\" content=\"https:\/\/www.facebook.com\/berlinerseilfabrik\/\" \/>\n<meta property=\"article:modified_time\" content=\"2025-03-12T17:17:43+00:00\" \/>\n<meta property=\"og:image\" content=\"https:\/\/berliner-seilfabrik.com\/wp-content\/uploads\/2025\/02\/LN_0238-scaled.jpg\" \/>\n\t<meta property=\"og:image:width\" content=\"2560\" \/>\n\t<meta property=\"og:image:height\" content=\"1707\" \/>\n\t<meta property=\"og:image:type\" content=\"image\/jpeg\" \/>\n<meta name=\"twitter:card\" content=\"summary_large_image\" \/>\n<script type=\"application\/ld+json\" class=\"yoast-schema-graph\">{\"@context\":\"https:\/\/schema.org\",\"@graph\":[{\"@type\":\"WebPage\",\"@id\":\"https:\/\/berliner-seilfabrik.com\/de\/news\/leaves\/\",\"url\":\"https:\/\/berliner-seilfabrik.com\/de\/news\/leaves\/\",\"name\":\"Berliner Seilfabrik - Leaves\",\"isPartOf\":{\"@id\":\"https:\/\/berliner-seilfabrik.com\/de\/#website\"},\"primaryImageOfPage\":{\"@id\":\"https:\/\/berliner-seilfabrik.com\/de\/news\/leaves\/#primaryimage\"},\"image\":{\"@id\":\"https:\/\/berliner-seilfabrik.com\/de\/news\/leaves\/#primaryimage\"},\"thumbnailUrl\":\"https:\/\/berliner-seilfabrik.com\/wp-content\/uploads\/2025\/02\/LN_0238-scaled.jpg\",\"datePublished\":\"2021-07-22T06:20:00+00:00\",\"dateModified\":\"2025-03-12T17:17:43+00:00\",\"breadcrumb\":{\"@id\":\"https:\/\/berliner-seilfabrik.com\/de\/news\/leaves\/#breadcrumb\"},\"inLanguage\":\"de\",\"potentialAction\":[{\"@type\":\"ReadAction\",\"target\":[\"https:\/\/berliner-seilfabrik.com\/de\/news\/leaves\/\"]}]},{\"@type\":\"ImageObject\",\"inLanguage\":\"de\",\"@id\":\"https:\/\/berliner-seilfabrik.com\/de\/news\/leaves\/#primaryimage\",\"url\":\"https:\/\/berliner-seilfabrik.com\/wp-content\/uploads\/2025\/02\/LN_0238-scaled.jpg\",\"contentUrl\":\"https:\/\/berliner-seilfabrik.com\/wp-content\/uploads\/2025\/02\/LN_0238-scaled.jpg\",\"width\":2560,\"height\":1707},{\"@type\":\"BreadcrumbList\",\"@id\":\"https:\/\/berliner-seilfabrik.com\/de\/news\/leaves\/#breadcrumb\",\"itemListElement\":[{\"@type\":\"ListItem\",\"position\":1,\"name\":\"Home\",\"item\":\"https:\/\/berliner-seilfabrik.com\/de\/\"},{\"@type\":\"ListItem\",\"position\":2,\"name\":\"News\",\"item\":\"https:\/\/berliner-seilfabrik.com\/en\/news\/\"},{\"@type\":\"ListItem\",\"position\":3,\"name\":\"Leaves\"}]},{\"@type\":\"WebSite\",\"@id\":\"https:\/\/berliner-seilfabrik.com\/de\/#website\",\"url\":\"https:\/\/berliner-seilfabrik.com\/de\/\",\"name\":\"Die Berliner Seilfabrik\",\"description\":\"Spielger\u00e4te f\u00fcrs Leben\",\"publisher\":{\"@id\":\"https:\/\/berliner-seilfabrik.com\/de\/#organization\"},\"potentialAction\":[{\"@type\":\"SearchAction\",\"target\":{\"@type\":\"EntryPoint\",\"urlTemplate\":\"https:\/\/berliner-seilfabrik.com\/de\/?s={search_term_string}\"},\"query-input\":{\"@type\":\"PropertyValueSpecification\",\"valueRequired\":true,\"valueName\":\"search_term_string\"}}],\"inLanguage\":\"de\"},{\"@type\":\"Organization\",\"@id\":\"https:\/\/berliner-seilfabrik.com\/de\/#organization\",\"name\":\"Die Berliner Seilfabrik\",\"url\":\"https:\/\/berliner-seilfabrik.com\/de\/\",\"logo\":{\"@type\":\"ImageObject\",\"inLanguage\":\"de\",\"@id\":\"https:\/\/berliner-seilfabrik.com\/de\/#\/schema\/logo\/image\/\",\"url\":\"https:\/\/berliner-seilfabrik.com\/wp-content\/uploads\/2026\/01\/bsf_logo_de-scaled.png\",\"contentUrl\":\"https:\/\/berliner-seilfabrik.com\/wp-content\/uploads\/2026\/01\/bsf_logo_de-scaled.png\",\"width\":2560,\"height\":2560,\"caption\":\"Die Berliner Seilfabrik\"},\"image\":{\"@id\":\"https:\/\/berliner-seilfabrik.com\/de\/#\/schema\/logo\/image\/\"},\"sameAs\":[\"https:\/\/www.facebook.com\/berlinerseilfabrik\/\"]}]}<\/script>\n<!-- \/ Yoast SEO plugin. -->","yoast_head_json":{"title":"Berliner Seilfabrik - Leaves","robots":{"index":"index","follow":"follow","max-snippet":"max-snippet:-1","max-image-preview":"max-image-preview:large","max-video-preview":"max-video-preview:-1"},"canonical":"https:\/\/berliner-seilfabrik.com\/de\/news\/leaves\/","og_locale":"de_DE","og_type":"article","og_title":"Berliner Seilfabrik - Leaves","og_description":"Unsere neuen Leaves verpassen Ihren Spielplatzideen das gewisse Etwas. Ob als optisches Highlight oder als Schattenspender f\u00fcr die Kleinen \u2013 die Leaves sind nicht nur ein echter Hingucker, sie haben auch einen praktischen Nebeneffekt und k\u00f6nnen so gezielt eingesetzt werden.","og_url":"https:\/\/berliner-seilfabrik.com\/de\/news\/leaves\/","og_site_name":"Berliner Seilfabrik","article_publisher":"https:\/\/www.facebook.com\/berlinerseilfabrik\/","article_modified_time":"2025-03-12T17:17:43+00:00","og_image":[{"width":2560,"height":1707,"url":"https:\/\/berliner-seilfabrik.com\/wp-content\/uploads\/2025\/02\/LN_0238-scaled.jpg","type":"image\/jpeg"}],"twitter_card":"summary_large_image","schema":{"@context":"https:\/\/schema.org","@graph":[{"@type":"WebPage","@id":"https:\/\/berliner-seilfabrik.com\/de\/news\/leaves\/","url":"https:\/\/berliner-seilfabrik.com\/de\/news\/leaves\/","name":"Berliner Seilfabrik - Leaves","isPartOf":{"@id":"https:\/\/berliner-seilfabrik.com\/de\/#website"},"primaryImageOfPage":{"@id":"https:\/\/berliner-seilfabrik.com\/de\/news\/leaves\/#primaryimage"},"image":{"@id":"https:\/\/berliner-seilfabrik.com\/de\/news\/leaves\/#primaryimage"},"thumbnailUrl":"https:\/\/berliner-seilfabrik.com\/wp-content\/uploads\/2025\/02\/LN_0238-scaled.jpg","datePublished":"2021-07-22T06:20:00+00:00","dateModified":"2025-03-12T17:17:43+00:00","breadcrumb":{"@id":"https:\/\/berliner-seilfabrik.com\/de\/news\/leaves\/#breadcrumb"},"inLanguage":"de","potentialAction":[{"@type":"ReadAction","target":["https:\/\/berliner-seilfabrik.com\/de\/news\/leaves\/"]}]},{"@type":"ImageObject","inLanguage":"de","@id":"https:\/\/berliner-seilfabrik.com\/de\/news\/leaves\/#primaryimage","url":"https:\/\/berliner-seilfabrik.com\/wp-content\/uploads\/2025\/02\/LN_0238-scaled.jpg","contentUrl":"https:\/\/berliner-seilfabrik.com\/wp-content\/uploads\/2025\/02\/LN_0238-scaled.jpg","width":2560,"height":1707},{"@type":"BreadcrumbList","@id":"https:\/\/berliner-seilfabrik.com\/de\/news\/leaves\/#breadcrumb","itemListElement":[{"@type":"ListItem","position":1,"name":"Home","item":"https:\/\/berliner-seilfabrik.com\/de\/"},{"@type":"ListItem","position":2,"name":"News","item":"https:\/\/berliner-seilfabrik.com\/en\/news\/"},{"@type":"ListItem","position":3,"name":"Leaves"}]},{"@type":"WebSite","@id":"https:\/\/berliner-seilfabrik.com\/de\/#website","url":"https:\/\/berliner-seilfabrik.com\/de\/","name":"Die Berliner Seilfabrik","description":"Spielger\u00e4te f\u00fcrs Leben","publisher":{"@id":"https:\/\/berliner-seilfabrik.com\/de\/#organization"},"potentialAction":[{"@type":"SearchAction","target":{"@type":"EntryPoint","urlTemplate":"https:\/\/berliner-seilfabrik.com\/de\/?s={search_term_string}"},"query-input":{"@type":"PropertyValueSpecification","valueRequired":true,"valueName":"search_term_string"}}],"inLanguage":"de"},{"@type":"Organization","@id":"https:\/\/berliner-seilfabrik.com\/de\/#organization","name":"Die Berliner Seilfabrik","url":"https:\/\/berliner-seilfabrik.com\/de\/","logo":{"@type":"ImageObject","inLanguage":"de","@id":"https:\/\/berliner-seilfabrik.com\/de\/#\/schema\/logo\/image\/","url":"https:\/\/berliner-seilfabrik.com\/wp-content\/uploads\/2026\/01\/bsf_logo_de-scaled.png","contentUrl":"https:\/\/berliner-seilfabrik.com\/wp-content\/uploads\/2026\/01\/bsf_logo_de-scaled.png","width":2560,"height":2560,"caption":"Die Berliner Seilfabrik"},"image":{"@id":"https:\/\/berliner-seilfabrik.com\/de\/#\/schema\/logo\/image\/"},"sameAs":["https:\/\/www.facebook.com\/berlinerseilfabrik\/"]}]}},"_links":{"self":[{"href":"https:\/\/berliner-seilfabrik.com\/de\/wp-json\/wp\/v2\/news\/27970","targetHints":{"allow":["GET"]}}],"collection":[{"href":"https:\/\/berliner-seilfabrik.com\/de\/wp-json\/wp\/v2\/news"}],"about":[{"href":"https:\/\/berliner-seilfabrik.com\/de\/wp-json\/wp\/v2\/types\/news"}],"version-history":[{"count":8,"href":"https:\/\/berliner-seilfabrik.com\/de\/wp-json\/wp\/v2\/news\/27970\/revisions"}],"predecessor-version":[{"id":39065,"href":"https:\/\/berliner-seilfabrik.com\/de\/wp-json\/wp\/v2\/news\/27970\/revisions\/39065"}],"wp:featuredmedia":[{"embeddable":true,"href":"https:\/\/berliner-seilfabrik.com\/de\/wp-json\/wp\/v2\/media\/27971"}],"wp:attachment":[{"href":"https:\/\/berliner-seilfabrik.com\/de\/wp-json\/wp\/v2\/media?parent=27970"}],"wp:term":[{"taxonomy":"news-category","embeddable":true,"href":"https:\/\/berliner-seilfabrik.com\/de\/wp-json\/wp\/v2\/news-category?post=27970"}],"curies":[{"name":"wp","href":"https:\/\/api.w.org\/{rel}","templated":true}]}}